{"id":4637,"date":"2024-03-12T12:00:47","date_gmt":"2024-03-12T11:00:47","guid":{"rendered":"https:\/\/foodtech.ac\/rusza-all-stars-7-edycja-programu-akceleracyjnego-foodtech-ac\/"},"modified":"2024-03-25T17:55:37","modified_gmt":"2024-03-25T16:55:37","slug":"rusza-7-edycja-programu-akceleracyjnego","status":"publish","type":"post","link":"https:\/\/foodtech.ac\/pl\/rusza-7-edycja-programu-akceleracyjnego\/","title":{"rendered":"Rusza ALL-STARS &#8211; 7. edycja programu akceleracyjnego foodtech.ac"},"content":{"rendered":"\t\t<div data-elementor-type=\"wp-post\" data-elementor-id=\"4637\" class=\"elementor elementor-4637 elementor-4610\">\n\t\t\t\t\t\t<section class=\"elementor-section elementor-top-section elementor-element elementor-element-8e005bc elementor-section-boxed elementor-section-height-default elementor-section-height-default\" data-id=\"8e005bc\" data-element_type=\"section\" data-e-type=\"section\">\n\t\t\t\t\t\t<div class=\"elementor-container elementor-column-gap-default\">\n\t\t\t\t\t<div class=\"elementor-column elementor-col-100 elementor-top-column elementor-element elementor-element-d178f99\" data-id=\"d178f99\" data-element_type=\"column\" data-e-type=\"column\">\n\t\t\t<div class=\"elementor-widget-wrap elementor-element-populated\">\n\t\t\t\t\t\t<div class=\"elementor-element elementor-element-eb48d16 elementor-widget elementor-widget-heading\" data-id=\"eb48d16\" data-element_type=\"widget\" data-e-type=\"widget\" data-widget_type=\"heading.default\">\n\t\t\t\t<div class=\"elementor-widget-container\">\n\t\t\t\t\t<h2 class=\"elementor-heading-title elementor-size-default\">Rusza ALL-STARS - 7. edycja programu akceleracyjnego foodtech.ac<\/h2>\t\t\t\t<\/div>\n\t\t\t\t<\/div>\n\t\t\t\t<div class=\"elementor-element elementor-element-6fde262 elementor-widget elementor-widget-image\" data-id=\"6fde262\" data-element_type=\"widget\" data-e-type=\"widget\" data-widget_type=\"image.default\">\n\t\t\t\t<div class=\"elementor-widget-container\">\n\t\t\t\t\t\t\t\t\t\t\t\t\t\t\t<img fetchpriority=\"high\" decoding=\"async\" width=\"1200\" height=\"630\" src=\"https:\/\/foodtech.ac\/wp-content\/uploads\/2024\/03\/batch7-1.jpg\" class=\"attachment-full size-full wp-image-4613\" alt=\"foodtech.ac Batch 7 ALL-STARS\" srcset=\"https:\/\/foodtech.ac\/wp-content\/uploads\/2024\/03\/batch7-1.jpg 1200w, https:\/\/foodtech.ac\/wp-content\/uploads\/2024\/03\/batch7-1-300x158.jpg 300w, https:\/\/foodtech.ac\/wp-content\/uploads\/2024\/03\/batch7-1-1024x538.jpg 1024w, https:\/\/foodtech.ac\/wp-content\/uploads\/2024\/03\/batch7-1-768x403.jpg 768w\" sizes=\"(max-width: 1200px) 100vw, 1200px\" \/>\t\t\t\t\t\t\t\t\t\t\t\t\t\t\t<\/div>\n\t\t\t\t<\/div>\n\t\t\t\t<div class=\"elementor-element elementor-element-e7d3dca elementor-widget elementor-widget-text-editor\" data-id=\"e7d3dca\" data-element_type=\"widget\" data-e-type=\"widget\" data-widget_type=\"text-editor.default\">\n\t\t\t\t<div class=\"elementor-widget-container\">\n\t\t\t\t\t\t\t\t\t<p>\ud83c\udfc6 W ci\u0105gu ostatnich 5 lat przeprowadzili\u015bmy 6. edycji programu akceleracyjnego, do kt\u00f3rego z ponad 300 aplikacji zakwalifikowali\u015bmy 32 projekty. <strong>13 z nich zebra\u0142o do tej pory \u0142\u0105cznie ponad 15 milion\u00f3w z\u0142otych finansowania.<\/strong><\/p>\n<p>\ud83c\udd95 <strong>W startuj\u0105cej w\u0142a\u015bnie 7. edycji programu wprowadzamy nowy, niespotykany format akceleracji: foodtech.ac \u2b50 ALL-STARS \u2b50<\/strong> To naszpikowany wiedz\u0105 kurs na foodowego innowatora, niezale\u017cnie od rozmiaru organizacji. Kierujemy go do os\u00f3b, kt\u00f3rych ambicj\u0105 jest kszta\u0142towanie przysz\u0142o\u015bci technologii spo\u017cywczych w regionie Europy \u015arodkowo-Wschodniej. Skorzystaj\u0105 z niego zar\u00f3wno osoby indywidualne, startupy, przedsi\u0119biorcy, jak i korporacyjni wyjadacze.<\/p>\n\t\t\t\t\t\t\t\t<\/div>\n\t\t\t\t<\/div>\n\t\t\t\t<div class=\"elementor-element elementor-element-bfe9bd4 elementor-align-center elementor-widget elementor-widget-button\" data-id=\"bfe9bd4\" data-element_type=\"widget\" data-e-type=\"widget\" data-widget_type=\"button.default\">\n\t\t\t\t<div class=\"elementor-widget-container\">\n\t\t\t\t\t\t\t\t\t<div class=\"elementor-button-wrapper\">\n\t\t\t\t\t<a class=\"elementor-button elementor-button-link elementor-size-lg\" href=\"https:\/\/foodtech.ac\/pl\/\" target=\"_blank\">\n\t\t\t\t\t\t<span class=\"elementor-button-content-wrapper\">\n\t\t\t\t\t\t\t\t\t<span class=\"elementor-button-text\"> Szczeg\u00f3\u0142y programu i warunki udzia\u0142u<\/span>\n\t\t\t\t\t<\/span>\n\t\t\t\t\t<\/a>\n\t\t\t\t<\/div>\n\t\t\t\t\t\t\t\t<\/div>\n\t\t\t\t<\/div>\n\t\t\t\t\t<\/div>\n\t\t<\/div>\n\t\t\t\t\t<\/div>\n\t\t<\/section>\n\t\t\t\t<section class=\"elementor-section elementor-top-section elementor-element elementor-element-67c5b66 elementor-section-boxed elementor-section-height-default elementor-section-height-default\" data-id=\"67c5b66\" data-element_type=\"section\" data-e-type=\"section\">\n\t\t\t\t\t\t<div class=\"elementor-container elementor-column-gap-default\">\n\t\t\t\t\t<div class=\"elementor-column elementor-col-100 elementor-top-column elementor-element elementor-element-2b8c9b1\" data-id=\"2b8c9b1\" data-element_type=\"column\" data-e-type=\"column\">\n\t\t\t<div class=\"elementor-widget-wrap elementor-element-populated\">\n\t\t\t\t\t\t<div class=\"elementor-element elementor-element-b2d4ebf elementor-widget elementor-widget-heading\" data-id=\"b2d4ebf\" data-element_type=\"widget\" data-e-type=\"widget\" data-widget_type=\"heading.default\">\n\t\t\t\t<div class=\"elementor-widget-container\">\n\t\t\t\t\t<h2 class=\"elementor-heading-title elementor-size-default\">Harmonogram i najwa\u017cniejsze informacje<\/h2>\t\t\t\t<\/div>\n\t\t\t\t<\/div>\n\t\t\t\t<div class=\"elementor-element elementor-element-44a58fb elementor-widget elementor-widget-image\" data-id=\"44a58fb\" data-element_type=\"widget\" data-e-type=\"widget\" data-widget_type=\"image.default\">\n\t\t\t\t<div class=\"elementor-widget-container\">\n\t\t\t\t\t\t\t\t\t\t\t\t\t\t\t<img decoding=\"async\" width=\"1200\" height=\"630\" src=\"https:\/\/foodtech.ac\/wp-content\/uploads\/2024\/03\/batch7-2.jpg\" class=\"attachment-full size-full wp-image-4615\" alt=\"foodtech.ac Batch 7 ALL-STARS\" srcset=\"https:\/\/foodtech.ac\/wp-content\/uploads\/2024\/03\/batch7-2.jpg 1200w, https:\/\/foodtech.ac\/wp-content\/uploads\/2024\/03\/batch7-2-300x158.jpg 300w, https:\/\/foodtech.ac\/wp-content\/uploads\/2024\/03\/batch7-2-1024x538.jpg 1024w, https:\/\/foodtech.ac\/wp-content\/uploads\/2024\/03\/batch7-2-768x403.jpg 768w\" sizes=\"(max-width: 1200px) 100vw, 1200px\" \/>\t\t\t\t\t\t\t\t\t\t\t\t\t\t\t<\/div>\n\t\t\t\t<\/div>\n\t\t\t\t<div class=\"elementor-element elementor-element-ebd6263 elementor-widget elementor-widget-text-editor\" data-id=\"ebd6263\" data-element_type=\"widget\" data-e-type=\"widget\" data-widget_type=\"text-editor.default\">\n\t\t\t\t<div class=\"elementor-widget-container\">\n\t\t\t\t\t\t\t\t\t<p>\ud83d\udcc5&nbsp;<strong>12 marca &#8211; 5 kwietnia 2024 &#8211; Rekrutacja<\/strong><\/p>\n<p>\ud83d\udd0e Zbieranie aplikacji i rozmowy online.<\/p>\n<p>\ud83d\udcc5&nbsp;<strong>13-14 kwietnia 2024 &#8211; Kick-off<\/strong><\/p>\n<p>\ud83d\ude80 Energetyczne wprowadzenie do \u015bwiata foodtechu w formie dwudniowego, weekendowego (pi\u0105tkowy wiecz\u00f3r i ca\u0142a sobota) spotkania offline w Warszawie. W trakcie tych dw\u00f3ch dni chcemy lepiej pozna\u0107 uczestnik\u00f3w, ich projekty, wyzwania z kt\u00f3rymi si\u0119 mierz\u0105 czy obszary, w kt\u00f3rych chc\u0105 si\u0119 rozwija\u0107.&nbsp;W trakcie tych dw\u00f3ch dni chcemy lepiej pozna\u0107 uczestnik\u00f3w, ich projekty, wyzwania z kt\u00f3rymi si\u0119 mierz\u0105 czy obszary, w kt\u00f3rych chc\u0105 si\u0119 rozwija\u0107.<\/p>\n<p><strong>\ud83d\udcc5 22 kwietnia &#8211; 10 czerwca 2024 &#8211; Program akceleracyjny<\/strong><\/p>\n<p>Seria 10 warsztat\u00f3w online prowadzonych przez naszych najlepszych bran\u017cowych ekspert\u00f3w, przeplatana networkingowymi spotkaniami offline przy jedzeniu w ciekawych miejscach w Warszawie. W ramach zaj\u0119\u0107 porusza\u0107 b\u0119dziemy takie tematy jak:<\/p>\n<ul>\n<li>przysz\u0142o\u015b\u0107 i trendy w bran\u017cy foodtech,<\/li>\n<li>technologia \u017cywno\u015bci i rozw\u00f3j nowych produkt\u00f3w,<\/li>\n<li>finanse i inwestycje,<\/li>\n<li>zarz\u0105dzanie zar\u00f3wno foodowym startupem, jak i du\u017c\u0105 firm\u0105,<\/li>\n<li>motywowanie&nbsp;zespo\u0142u i dbanie o jego zdrowie psychiczne,<\/li>\n<li>prawo w \u017cywno\u015bci,<\/li>\n<li>marketing w bran\u017cy spo\u017cywczej,<\/li>\n<li>storytelling oraz przemawianie publicznego,<\/li>\n<li>wsp\u00f3\u0142praca z sieciami handlowymi,<\/li>\n<li>e-commerce i e-grocery.<\/li>\n<\/ul>\n<p><strong>\ud83d\udcc5 19 czerwca 2024 &#8211; Demo Day<\/strong><\/p>\n<p>\ud83c\udfc1 Pe\u0142ne networkingu i wiedzy wieczorne wydarzenie w Warszawie, zwane r\u00f3wnie\u017c &#8222;\u015bwi\u0119tem polskiego foodtechu&#8221;, podczas kt\u00f3rego uczestnicy programu zaprezentuj\u0105 swoje projekty szerszej publiczno\u015bci.<\/p>\t\t\t\t\t\t\t\t<\/div>\n\t\t\t\t<\/div>\n\t\t\t\t<div class=\"elementor-element elementor-element-c57c44e elementor-align-center elementor-widget elementor-widget-button\" data-id=\"c57c44e\" data-element_type=\"widget\" data-e-type=\"widget\" data-widget_type=\"button.default\">\n\t\t\t\t<div class=\"elementor-widget-container\">\n\t\t\t\t\t\t\t\t\t<div class=\"elementor-button-wrapper\">\n\t\t\t\t\t<a class=\"elementor-button elementor-button-link elementor-size-lg\" href=\"https:\/\/foodtech.ac\/pl\/\" target=\"_blank\">\n\t\t\t\t\t\t<span class=\"elementor-button-content-wrapper\">\n\t\t\t\t\t\t\t\t\t<span class=\"elementor-button-text\"> Aplikuj do 5 kwietnia!<\/span>\n\t\t\t\t\t<\/span>\n\t\t\t\t\t<\/a>\n\t\t\t\t<\/div>\n\t\t\t\t\t\t\t\t<\/div>\n\t\t\t\t<\/div>\n\t\t\t\t\t<\/div>\n\t\t<\/div>\n\t\t\t\t\t<\/div>\n\t\t<\/section>\n\t\t\t\t<section class=\"elementor-section elementor-top-section elementor-element elementor-element-3341f98b elementor-section-boxed elementor-section-height-default elementor-section-height-default\" data-id=\"3341f98b\" data-element_type=\"section\" data-e-type=\"section\" data-settings=\"{&quot;background_background&quot;:&quot;classic&quot;}\">\n\t\t\t\t\t\t<div class=\"elementor-container elementor-column-gap-default\">\n\t\t\t\t\t<div class=\"elementor-column elementor-col-50 elementor-top-column elementor-element elementor-element-619a3f37\" data-id=\"619a3f37\" data-element_type=\"column\" data-e-type=\"column\">\n\t\t\t<div class=\"elementor-widget-wrap elementor-element-populated\">\n\t\t\t\t\t\t<div class=\"elementor-element elementor-element-75459d9f elementor-widget elementor-widget-heading\" data-id=\"75459d9f\" data-element_type=\"widget\" data-e-type=\"widget\" data-widget_type=\"heading.default\">\n\t\t\t\t<div class=\"elementor-widget-container\">\n\t\t\t\t\t<h2 class=\"elementor-heading-title elementor-size-default\">Zapisz si\u0119 do naszego newslettera!<\/h2>\t\t\t\t<\/div>\n\t\t\t\t<\/div>\n\t\t\t\t<div class=\"elementor-element elementor-element-2c7d10bd elementor-widget elementor-widget-text-editor\" data-id=\"2c7d10bd\" data-element_type=\"widget\" data-e-type=\"widget\" data-widget_type=\"text-editor.default\">\n\t\t\t\t<div class=\"elementor-widget-container\">\n\t\t\t\t\t\t\t\t\t<p>B\u0105d\u017a na bie\u017c\u0105co z najnowszymi wiadomo\u015bciami o rynku i startupach foodtech. Jako pierwszy dowiedz si\u0119 o nowych inwestycjach, raportach, naszych wydarzeniach i nowo\u015bciach w portfolio. Otrzymuj najciekawsze wie\u015bci z foodtech.ac Family prosto na swoj\u0105 skrzynk\u0119 mailow\u0105!<\/p>\n\t\t\t\t\t\t\t\t<\/div>\n\t\t\t\t<\/div>\n\t\t\t\t\t<\/div>\n\t\t<\/div>\n\t\t\t\t<div class=\"elementor-column elementor-col-50 elementor-top-column elementor-element elementor-element-2c29eac9\" data-id=\"2c29eac9\" data-element_type=\"column\" data-e-type=\"column\">\n\t\t\t<div class=\"elementor-widget-wrap elementor-element-populated\">\n\t\t\t\t\t\t<div class=\"elementor-element elementor-element-1f4b2333 elementor-widget elementor-widget-shortcode\" data-id=\"1f4b2333\" data-element_type=\"widget\" data-e-type=\"widget\" data-widget_type=\"shortcode.default\">\n\t\t\t\t<div class=\"elementor-widget-container\">\n\t\t\t\t\t\t\t<div class=\"elementor-shortcode\"><script>(function() {\n\twindow.mc4wp = window.mc4wp || {\n\t\tlisteners: [],\n\t\tforms: {\n\t\t\ton: function(evt, cb) {\n\t\t\t\twindow.mc4wp.listeners.push(\n\t\t\t\t\t{\n\t\t\t\t\t\tevent   : evt,\n\t\t\t\t\t\tcallback: cb\n\t\t\t\t\t}\n\t\t\t\t);\n\t\t\t}\n\t\t}\n\t}\n})();\n<\/script><!-- Mailchimp for WordPress v4.12.2 - https:\/\/wordpress.org\/plugins\/mailchimp-for-wp\/ --><form id=\"mc4wp-form-1\" class=\"mc4wp-form mc4wp-form-2121 mc4wp-form-basic\" method=\"post\" data-id=\"2121\" data-name=\"Newsletter\" ><div class=\"mc4wp-form-fields\"><p><input style=\"display: block; width: 100%!important; box-sizing: border-box; border-radius: 0; background-color: #FFFFFF; border-color: #FFFFFF; color: #000000\" type=\"email\" name=\"EMAIL\" placeholder=\"Enter your e-mail\" required \/><\/p>\r\n<p><input style=\"width: 100%; background: none; border: 3px solid; color: #FFFFFF; font-size: 18px; border-radius: 0px; font-family: Poppins; font-weight: 400\" type=\"submit\" value=\"Subscribe\" \/><\/p><\/div><label style=\"display: none !important;\">Pozostaw to pole puste, je\u015bli jeste\u015b cz\u0142owiekiem: <input type=\"text\" name=\"_mc4wp_honeypot\" value=\"\" tabindex=\"-1\" autocomplete=\"off\" \/><\/label><input type=\"hidden\" name=\"_mc4wp_timestamp\" value=\"1777231440\" \/><input type=\"hidden\" name=\"_mc4wp_form_id\" value=\"2121\" \/><input type=\"hidden\" name=\"_mc4wp_form_element_id\" value=\"mc4wp-form-1\" \/><div class=\"mc4wp-response\"><\/div><\/form><!-- \/ Mailchimp for WordPress Plugin --><\/div>\n\t\t\t\t\t\t<\/div>\n\t\t\t\t<\/div>\n\t\t\t\t<div class=\"elementor-element elementor-element-9710bb1 elementor-shape-square elementor-grid-0 e-grid-align-center elementor-widget elementor-widget-social-icons\" data-id=\"9710bb1\" data-element_type=\"widget\" data-e-type=\"widget\" data-widget_type=\"social-icons.default\">\n\t\t\t\t<div class=\"elementor-widget-container\">\n\t\t\t\t\t\t\t<div class=\"elementor-social-icons-wrapper elementor-grid\" role=\"list\">\n\t\t\t\t\t\t\t<span class=\"elementor-grid-item\" role=\"listitem\">\n\t\t\t\t\t<a class=\"elementor-icon elementor-social-icon elementor-social-icon-facebook elementor-repeater-item-b1e5999\" href=\"https:\/\/www.facebook.com\/foodtechac\" target=\"_blank\">\n\t\t\t\t\t\t<span class=\"elementor-screen-only\">Facebook<\/span>\n\t\t\t\t\t\t<i aria-hidden=\"true\" class=\"fab fa-facebook\"><\/i>\t\t\t\t\t<\/a>\n\t\t\t\t<\/span>\n\t\t\t\t\t\t\t<span class=\"elementor-grid-item\" role=\"listitem\">\n\t\t\t\t\t<a class=\"elementor-icon elementor-social-icon elementor-social-icon-instagram elementor-repeater-item-860c206\" href=\"https:\/\/www.instagram.com\/foodtech.ac\/\" target=\"_blank\">\n\t\t\t\t\t\t<span class=\"elementor-screen-only\">Instagram<\/span>\n\t\t\t\t\t\t<i aria-hidden=\"true\" class=\"fab fa-instagram\"><\/i>\t\t\t\t\t<\/a>\n\t\t\t\t<\/span>\n\t\t\t\t\t\t\t<span class=\"elementor-grid-item\" role=\"listitem\">\n\t\t\t\t\t<a class=\"elementor-icon elementor-social-icon elementor-social-icon-linkedin elementor-repeater-item-e9212bc\" href=\"https:\/\/www.linkedin.com\/company\/foodtechac\/\" target=\"_blank\">\n\t\t\t\t\t\t<span class=\"elementor-screen-only\">Linkedin<\/span>\n\t\t\t\t\t\t<i aria-hidden=\"true\" class=\"fab fa-linkedin\"><\/i>\t\t\t\t\t<\/a>\n\t\t\t\t<\/span>\n\t\t\t\t\t\t\t<span class=\"elementor-grid-item\" role=\"listitem\">\n\t\t\t\t\t<a class=\"elementor-icon elementor-social-icon elementor-social-icon-youtube elementor-repeater-item-e33d267\" href=\"https:\/\/www.youtube.com\/@foodtechac\" target=\"_blank\">\n\t\t\t\t\t\t<span class=\"elementor-screen-only\">Youtube<\/span>\n\t\t\t\t\t\t<i aria-hidden=\"true\" class=\"fab fa-youtube\"><\/i>\t\t\t\t\t<\/a>\n\t\t\t\t<\/span>\n\t\t\t\t\t<\/div>\n\t\t\t\t\t\t<\/div>\n\t\t\t\t<\/div>\n\t\t\t\t\t<\/div>\n\t\t<\/div>\n\t\t\t\t\t<\/div>\n\t\t<\/section>\n\t\t\t\t<\/div>\n\t\t","protected":false},"excerpt":{"rendered":"<p>Rusza ALL-STARS &#8211; 7. edycja programu akceleracyjnego foodtech.ac \ud83c\udfc6 W ci\u0105gu ostatnich 5 lat przeprowadzili\u015bmy 6. edycji programu akceleracyjnego, do kt\u00f3rego z ponad 300 aplikacji zakwalifikowali\u015bmy 32 projekty. 13 z nich zebra\u0142o do tej pory \u0142\u0105cznie ponad 15 milion\u00f3w z\u0142otych finansowania. \ud83c\udd95 W startuj\u0105cej w\u0142a\u015bnie 7. edycji programu wprowadzamy nowy, niespotykany format akceleracji: foodtech.ac \u2b50&hellip;&nbsp;<a href=\"https:\/\/foodtech.ac\/pl\/rusza-7-edycja-programu-akceleracyjnego\/\" rel=\"bookmark\">Dowiedz si\u0119 wi\u0119cej &raquo;<span class=\"screen-reader-text\">Rusza ALL-STARS &#8211; 7. edycja programu akceleracyjnego foodtech.ac<\/span><\/a><\/p>\n","protected":false},"author":1,"featured_media":4613,"comment_status":"closed","ping_status":"open","sticky":false,"template":"","format":"standard","meta":{"neve_meta_sidebar":"","neve_meta_container":"","neve_meta_enable_content_width":"","neve_meta_content_width":0,"neve_meta_title_alignment":"","neve_meta_author_avatar":"","neve_post_elements_order":"","neve_meta_disable_header":"","neve_meta_disable_footer":"","neve_meta_disable_title":"","footnotes":""},"categories":[19],"tags":[],"class_list":["post-4637","post","type-post","status-publish","format-standard","has-post-thumbnail","hentry","category-newsletter"],"yoast_head":"<!-- This site is optimized with the Yoast SEO plugin v27.4 - https:\/\/yoast.com\/product\/yoast-seo-wordpress\/ -->\n<title>Rusza ALL-STARS - 7. edycja programu akceleracyjnego foodtech.ac<\/title>\n<meta name=\"description\" content=\"Naszpikowany wiedz\u0105 kurs na foodowego innowatora, niezale\u017cnie od rozmiaru organizacji. Kszta\u0142tuj przysz\u0142o\u015b\u0107 technologii spo\u017cywczych razem z nami. Kierujemy go do os\u00f3b, kt\u00f3rych ambicj\u0105 jest kszta\u0142towanie przysz\u0142o\u015bci technologii spo\u017cywczych w regionie Europy \u015arodkowo-Wschodniej. Skorzystaj\u0105 z niego zar\u00f3wno osoby indywidualne, startupy, przedsi\u0119biorcy, jak i korporacyjni wyjadacze.\" \/>\n<meta name=\"robots\" content=\"index, follow, max-snippet:-1, max-image-preview:large, max-video-preview:-1\" \/>\n<link rel=\"canonical\" href=\"https:\/\/foodtech.ac\/pl\/rusza-7-edycja-programu-akceleracyjnego\/\" \/>\n<meta property=\"og:locale\" content=\"pl_PL\" \/>\n<meta property=\"og:type\" content=\"article\" \/>\n<meta property=\"og:title\" content=\"Rusza ALL-STARS - 7. edycja programu akceleracyjnego foodtech.ac\" \/>\n<meta property=\"og:description\" content=\"Naszpikowany wiedz\u0105 kurs na foodowego innowatora, niezale\u017cnie od rozmiaru organizacji. Kszta\u0142tuj przysz\u0142o\u015b\u0107 technologii spo\u017cywczych razem z nami. Kierujemy go do os\u00f3b, kt\u00f3rych ambicj\u0105 jest kszta\u0142towanie przysz\u0142o\u015bci technologii spo\u017cywczych w regionie Europy \u015arodkowo-Wschodniej. Skorzystaj\u0105 z niego zar\u00f3wno osoby indywidualne, startupy, przedsi\u0119biorcy, jak i korporacyjni wyjadacze.\" \/>\n<meta property=\"og:url\" content=\"https:\/\/foodtech.ac\/pl\/rusza-7-edycja-programu-akceleracyjnego\/\" \/>\n<meta property=\"og:site_name\" content=\"foodtech.ac\" \/>\n<meta property=\"article:published_time\" content=\"2024-03-12T11:00:47+00:00\" \/>\n<meta property=\"article:modified_time\" content=\"2024-03-25T16:55:37+00:00\" \/>\n<meta property=\"og:image\" content=\"https:\/\/foodtech.ac\/wp-content\/uploads\/2023\/09\/freshnews-1024x538.png\" \/>\n<meta name=\"author\" content=\"Piotr Grabowski\" \/>\n<meta name=\"twitter:card\" content=\"summary_large_image\" \/>\n<meta name=\"twitter:label1\" content=\"Napisane przez\" \/>\n\t<meta name=\"twitter:data1\" content=\"Piotr Grabowski\" \/>\n\t<meta name=\"twitter:label2\" content=\"Szacowany czas czytania\" \/>\n\t<meta name=\"twitter:data2\" content=\"2 minuty\" \/>\n<script type=\"application\/ld+json\" class=\"yoast-schema-graph\">{\"@context\":\"https:\\\/\\\/schema.org\",\"@graph\":[{\"@type\":\"Article\",\"@id\":\"https:\\\/\\\/foodtech.ac\\\/pl\\\/rusza-7-edycja-programu-akceleracyjnego\\\/#article\",\"isPartOf\":{\"@id\":\"https:\\\/\\\/foodtech.ac\\\/pl\\\/rusza-7-edycja-programu-akceleracyjnego\\\/\"},\"author\":{\"name\":\"Piotr Grabowski\",\"@id\":\"https:\\\/\\\/foodtech.ac\\\/pl\\\/#\\\/schema\\\/person\\\/834745d71ad214c930536a3e8223c08a\"},\"headline\":\"Rusza ALL-STARS &#8211; 7. edycja programu akceleracyjnego foodtech.ac\",\"datePublished\":\"2024-03-12T11:00:47+00:00\",\"dateModified\":\"2024-03-25T16:55:37+00:00\",\"mainEntityOfPage\":{\"@id\":\"https:\\\/\\\/foodtech.ac\\\/pl\\\/rusza-7-edycja-programu-akceleracyjnego\\\/\"},\"wordCount\":405,\"image\":{\"@id\":\"https:\\\/\\\/foodtech.ac\\\/pl\\\/rusza-7-edycja-programu-akceleracyjnego\\\/#primaryimage\"},\"thumbnailUrl\":\"https:\\\/\\\/foodtech.ac\\\/wp-content\\\/uploads\\\/2024\\\/03\\\/batch7-1.jpg\",\"articleSection\":[\"Newsletter\"],\"inLanguage\":\"pl-PL\"},{\"@type\":\"WebPage\",\"@id\":\"https:\\\/\\\/foodtech.ac\\\/pl\\\/rusza-7-edycja-programu-akceleracyjnego\\\/\",\"url\":\"https:\\\/\\\/foodtech.ac\\\/pl\\\/rusza-7-edycja-programu-akceleracyjnego\\\/\",\"name\":\"Rusza ALL-STARS - 7. edycja programu akceleracyjnego foodtech.ac\",\"isPartOf\":{\"@id\":\"https:\\\/\\\/foodtech.ac\\\/pl\\\/#website\"},\"primaryImageOfPage\":{\"@id\":\"https:\\\/\\\/foodtech.ac\\\/pl\\\/rusza-7-edycja-programu-akceleracyjnego\\\/#primaryimage\"},\"image\":{\"@id\":\"https:\\\/\\\/foodtech.ac\\\/pl\\\/rusza-7-edycja-programu-akceleracyjnego\\\/#primaryimage\"},\"thumbnailUrl\":\"https:\\\/\\\/foodtech.ac\\\/wp-content\\\/uploads\\\/2024\\\/03\\\/batch7-1.jpg\",\"datePublished\":\"2024-03-12T11:00:47+00:00\",\"dateModified\":\"2024-03-25T16:55:37+00:00\",\"author\":{\"@id\":\"https:\\\/\\\/foodtech.ac\\\/pl\\\/#\\\/schema\\\/person\\\/834745d71ad214c930536a3e8223c08a\"},\"description\":\"Naszpikowany wiedz\u0105 kurs na foodowego innowatora, niezale\u017cnie od rozmiaru organizacji. Kszta\u0142tuj przysz\u0142o\u015b\u0107 technologii spo\u017cywczych razem z nami. Kierujemy go do os\u00f3b, kt\u00f3rych ambicj\u0105 jest kszta\u0142towanie przysz\u0142o\u015bci technologii spo\u017cywczych w regionie Europy \u015arodkowo-Wschodniej. Skorzystaj\u0105 z niego zar\u00f3wno osoby indywidualne, startupy, przedsi\u0119biorcy, jak i korporacyjni wyjadacze.\",\"breadcrumb\":{\"@id\":\"https:\\\/\\\/foodtech.ac\\\/pl\\\/rusza-7-edycja-programu-akceleracyjnego\\\/#breadcrumb\"},\"inLanguage\":\"pl-PL\",\"potentialAction\":[{\"@type\":\"ReadAction\",\"target\":[\"https:\\\/\\\/foodtech.ac\\\/pl\\\/rusza-7-edycja-programu-akceleracyjnego\\\/\"]}]},{\"@type\":\"ImageObject\",\"inLanguage\":\"pl-PL\",\"@id\":\"https:\\\/\\\/foodtech.ac\\\/pl\\\/rusza-7-edycja-programu-akceleracyjnego\\\/#primaryimage\",\"url\":\"https:\\\/\\\/foodtech.ac\\\/wp-content\\\/uploads\\\/2024\\\/03\\\/batch7-1.jpg\",\"contentUrl\":\"https:\\\/\\\/foodtech.ac\\\/wp-content\\\/uploads\\\/2024\\\/03\\\/batch7-1.jpg\",\"width\":1200,\"height\":630,\"caption\":\"foodtech.ac Batch 7 ALL-STARS\"},{\"@type\":\"BreadcrumbList\",\"@id\":\"https:\\\/\\\/foodtech.ac\\\/pl\\\/rusza-7-edycja-programu-akceleracyjnego\\\/#breadcrumb\",\"itemListElement\":[{\"@type\":\"ListItem\",\"position\":1,\"name\":\"Strona g\u0142\u00f3wna\",\"item\":\"https:\\\/\\\/foodtech.ac\\\/pl\\\/strona-glowna\\\/\"},{\"@type\":\"ListItem\",\"position\":2,\"name\":\"Rusza ALL-STARS &#8211; 7. edycja programu akceleracyjnego foodtech.ac\"}]},{\"@type\":\"WebSite\",\"@id\":\"https:\\\/\\\/foodtech.ac\\\/pl\\\/#website\",\"url\":\"https:\\\/\\\/foodtech.ac\\\/pl\\\/\",\"name\":\"foodtech.ac\",\"description\":\"\",\"potentialAction\":[{\"@type\":\"SearchAction\",\"target\":{\"@type\":\"EntryPoint\",\"urlTemplate\":\"https:\\\/\\\/foodtech.ac\\\/pl\\\/?s={search_term_string}\"},\"query-input\":{\"@type\":\"PropertyValueSpecification\",\"valueRequired\":true,\"valueName\":\"search_term_string\"}}],\"inLanguage\":\"pl-PL\"},{\"@type\":\"Person\",\"@id\":\"https:\\\/\\\/foodtech.ac\\\/pl\\\/#\\\/schema\\\/person\\\/834745d71ad214c930536a3e8223c08a\",\"name\":\"Piotr Grabowski\",\"image\":{\"@type\":\"ImageObject\",\"inLanguage\":\"pl-PL\",\"@id\":\"https:\\\/\\\/secure.gravatar.com\\\/avatar\\\/9bcaf2219e31ff2f54ae6144caa975bf91aac6bf6b203140b9265102dba2b0eb?s=96&d=mm&r=g\",\"url\":\"https:\\\/\\\/secure.gravatar.com\\\/avatar\\\/9bcaf2219e31ff2f54ae6144caa975bf91aac6bf6b203140b9265102dba2b0eb?s=96&d=mm&r=g\",\"contentUrl\":\"https:\\\/\\\/secure.gravatar.com\\\/avatar\\\/9bcaf2219e31ff2f54ae6144caa975bf91aac6bf6b203140b9265102dba2b0eb?s=96&d=mm&r=g\",\"caption\":\"Piotr Grabowski\"},\"url\":\"https:\\\/\\\/foodtech.ac\\\/pl\\\/author\\\/piotr-grabowski\\\/\"}]}<\/script>\n<!-- \/ Yoast SEO plugin. -->","yoast_head_json":{"title":"Rusza ALL-STARS - 7. edycja programu akceleracyjnego foodtech.ac","description":"Naszpikowany wiedz\u0105 kurs na foodowego innowatora, niezale\u017cnie od rozmiaru organizacji. Kszta\u0142tuj przysz\u0142o\u015b\u0107 technologii spo\u017cywczych razem z nami. Kierujemy go do os\u00f3b, kt\u00f3rych ambicj\u0105 jest kszta\u0142towanie przysz\u0142o\u015bci technologii spo\u017cywczych w regionie Europy \u015arodkowo-Wschodniej. Skorzystaj\u0105 z niego zar\u00f3wno osoby indywidualne, startupy, przedsi\u0119biorcy, jak i korporacyjni wyjadacze.","robots":{"index":"index","follow":"follow","max-snippet":"max-snippet:-1","max-image-preview":"max-image-preview:large","max-video-preview":"max-video-preview:-1"},"canonical":"https:\/\/foodtech.ac\/pl\/rusza-7-edycja-programu-akceleracyjnego\/","og_locale":"pl_PL","og_type":"article","og_title":"Rusza ALL-STARS - 7. edycja programu akceleracyjnego foodtech.ac","og_description":"Naszpikowany wiedz\u0105 kurs na foodowego innowatora, niezale\u017cnie od rozmiaru organizacji. Kszta\u0142tuj przysz\u0142o\u015b\u0107 technologii spo\u017cywczych razem z nami. Kierujemy go do os\u00f3b, kt\u00f3rych ambicj\u0105 jest kszta\u0142towanie przysz\u0142o\u015bci technologii spo\u017cywczych w regionie Europy \u015arodkowo-Wschodniej. Skorzystaj\u0105 z niego zar\u00f3wno osoby indywidualne, startupy, przedsi\u0119biorcy, jak i korporacyjni wyjadacze.","og_url":"https:\/\/foodtech.ac\/pl\/rusza-7-edycja-programu-akceleracyjnego\/","og_site_name":"foodtech.ac","article_published_time":"2024-03-12T11:00:47+00:00","article_modified_time":"2024-03-25T16:55:37+00:00","og_image":[{"url":"https:\/\/foodtech.ac\/wp-content\/uploads\/2023\/09\/freshnews-1024x538.png","type":"","width":"","height":""}],"author":"Piotr Grabowski","twitter_card":"summary_large_image","twitter_misc":{"Napisane przez":"Piotr Grabowski","Szacowany czas czytania":"2 minuty"},"schema":{"@context":"https:\/\/schema.org","@graph":[{"@type":"Article","@id":"https:\/\/foodtech.ac\/pl\/rusza-7-edycja-programu-akceleracyjnego\/#article","isPartOf":{"@id":"https:\/\/foodtech.ac\/pl\/rusza-7-edycja-programu-akceleracyjnego\/"},"author":{"name":"Piotr Grabowski","@id":"https:\/\/foodtech.ac\/pl\/#\/schema\/person\/834745d71ad214c930536a3e8223c08a"},"headline":"Rusza ALL-STARS &#8211; 7. edycja programu akceleracyjnego foodtech.ac","datePublished":"2024-03-12T11:00:47+00:00","dateModified":"2024-03-25T16:55:37+00:00","mainEntityOfPage":{"@id":"https:\/\/foodtech.ac\/pl\/rusza-7-edycja-programu-akceleracyjnego\/"},"wordCount":405,"image":{"@id":"https:\/\/foodtech.ac\/pl\/rusza-7-edycja-programu-akceleracyjnego\/#primaryimage"},"thumbnailUrl":"https:\/\/foodtech.ac\/wp-content\/uploads\/2024\/03\/batch7-1.jpg","articleSection":["Newsletter"],"inLanguage":"pl-PL"},{"@type":"WebPage","@id":"https:\/\/foodtech.ac\/pl\/rusza-7-edycja-programu-akceleracyjnego\/","url":"https:\/\/foodtech.ac\/pl\/rusza-7-edycja-programu-akceleracyjnego\/","name":"Rusza ALL-STARS - 7. edycja programu akceleracyjnego foodtech.ac","isPartOf":{"@id":"https:\/\/foodtech.ac\/pl\/#website"},"primaryImageOfPage":{"@id":"https:\/\/foodtech.ac\/pl\/rusza-7-edycja-programu-akceleracyjnego\/#primaryimage"},"image":{"@id":"https:\/\/foodtech.ac\/pl\/rusza-7-edycja-programu-akceleracyjnego\/#primaryimage"},"thumbnailUrl":"https:\/\/foodtech.ac\/wp-content\/uploads\/2024\/03\/batch7-1.jpg","datePublished":"2024-03-12T11:00:47+00:00","dateModified":"2024-03-25T16:55:37+00:00","author":{"@id":"https:\/\/foodtech.ac\/pl\/#\/schema\/person\/834745d71ad214c930536a3e8223c08a"},"description":"Naszpikowany wiedz\u0105 kurs na foodowego innowatora, niezale\u017cnie od rozmiaru organizacji. Kszta\u0142tuj przysz\u0142o\u015b\u0107 technologii spo\u017cywczych razem z nami. Kierujemy go do os\u00f3b, kt\u00f3rych ambicj\u0105 jest kszta\u0142towanie przysz\u0142o\u015bci technologii spo\u017cywczych w regionie Europy \u015arodkowo-Wschodniej. Skorzystaj\u0105 z niego zar\u00f3wno osoby indywidualne, startupy, przedsi\u0119biorcy, jak i korporacyjni wyjadacze.","breadcrumb":{"@id":"https:\/\/foodtech.ac\/pl\/rusza-7-edycja-programu-akceleracyjnego\/#breadcrumb"},"inLanguage":"pl-PL","potentialAction":[{"@type":"ReadAction","target":["https:\/\/foodtech.ac\/pl\/rusza-7-edycja-programu-akceleracyjnego\/"]}]},{"@type":"ImageObject","inLanguage":"pl-PL","@id":"https:\/\/foodtech.ac\/pl\/rusza-7-edycja-programu-akceleracyjnego\/#primaryimage","url":"https:\/\/foodtech.ac\/wp-content\/uploads\/2024\/03\/batch7-1.jpg","contentUrl":"https:\/\/foodtech.ac\/wp-content\/uploads\/2024\/03\/batch7-1.jpg","width":1200,"height":630,"caption":"foodtech.ac Batch 7 ALL-STARS"},{"@type":"BreadcrumbList","@id":"https:\/\/foodtech.ac\/pl\/rusza-7-edycja-programu-akceleracyjnego\/#breadcrumb","itemListElement":[{"@type":"ListItem","position":1,"name":"Strona g\u0142\u00f3wna","item":"https:\/\/foodtech.ac\/pl\/strona-glowna\/"},{"@type":"ListItem","position":2,"name":"Rusza ALL-STARS &#8211; 7. edycja programu akceleracyjnego foodtech.ac"}]},{"@type":"WebSite","@id":"https:\/\/foodtech.ac\/pl\/#website","url":"https:\/\/foodtech.ac\/pl\/","name":"foodtech.ac","description":"","potentialAction":[{"@type":"SearchAction","target":{"@type":"EntryPoint","urlTemplate":"https:\/\/foodtech.ac\/pl\/?s={search_term_string}"},"query-input":{"@type":"PropertyValueSpecification","valueRequired":true,"valueName":"search_term_string"}}],"inLanguage":"pl-PL"},{"@type":"Person","@id":"https:\/\/foodtech.ac\/pl\/#\/schema\/person\/834745d71ad214c930536a3e8223c08a","name":"Piotr Grabowski","image":{"@type":"ImageObject","inLanguage":"pl-PL","@id":"https:\/\/secure.gravatar.com\/avatar\/9bcaf2219e31ff2f54ae6144caa975bf91aac6bf6b203140b9265102dba2b0eb?s=96&d=mm&r=g","url":"https:\/\/secure.gravatar.com\/avatar\/9bcaf2219e31ff2f54ae6144caa975bf91aac6bf6b203140b9265102dba2b0eb?s=96&d=mm&r=g","contentUrl":"https:\/\/secure.gravatar.com\/avatar\/9bcaf2219e31ff2f54ae6144caa975bf91aac6bf6b203140b9265102dba2b0eb?s=96&d=mm&r=g","caption":"Piotr Grabowski"},"url":"https:\/\/foodtech.ac\/pl\/author\/piotr-grabowski\/"}]}},"_links":{"self":[{"href":"https:\/\/foodtech.ac\/pl\/wp-json\/wp\/v2\/posts\/4637","targetHints":{"allow":["GET"]}}],"collection":[{"href":"https:\/\/foodtech.ac\/pl\/wp-json\/wp\/v2\/posts"}],"about":[{"href":"https:\/\/foodtech.ac\/pl\/wp-json\/wp\/v2\/types\/post"}],"author":[{"embeddable":true,"href":"https:\/\/foodtech.ac\/pl\/wp-json\/wp\/v2\/users\/1"}],"replies":[{"embeddable":true,"href":"https:\/\/foodtech.ac\/pl\/wp-json\/wp\/v2\/comments?post=4637"}],"version-history":[{"count":0,"href":"https:\/\/foodtech.ac\/pl\/wp-json\/wp\/v2\/posts\/4637\/revisions"}],"wp:featuredmedia":[{"embeddable":true,"href":"https:\/\/foodtech.ac\/pl\/wp-json\/wp\/v2\/media\/4613"}],"wp:attachment":[{"href":"https:\/\/foodtech.ac\/pl\/wp-json\/wp\/v2\/media?parent=4637"}],"wp:term":[{"taxonomy":"category","embeddable":true,"href":"https:\/\/foodtech.ac\/pl\/wp-json\/wp\/v2\/categories?post=4637"},{"taxonomy":"post_tag","embeddable":true,"href":"https:\/\/foodtech.ac\/pl\/wp-json\/wp\/v2\/tags?post=4637"}],"curies":[{"name":"wp","href":"https:\/\/api.w.org\/{rel}","templated":true}]}}