{"id":5128,"date":"2025-09-03T09:00:11","date_gmt":"2025-09-03T07:00:11","guid":{"rendered":"https:\/\/foodtech.ac\/ruszyl-nabor-do-programu-seed-to-scale-foodtech-agritech-cleantech\/"},"modified":"2025-10-16T18:30:09","modified_gmt":"2025-10-16T16:30:09","slug":"seed-to-scale","status":"publish","type":"post","link":"https:\/\/foodtech.ac\/pl\/seed-to-scale\/","title":{"rendered":"Ruszy\u0142 nab\u00f3r do programu Seed to Scale &#8211; foodtech, agritech, cleantech"},"content":{"rendered":"\t\t<div data-elementor-type=\"wp-post\" data-elementor-id=\"5128\" class=\"elementor elementor-5128 elementor-5099\">\n\t\t\t\t\t\t<section class=\"elementor-section elementor-top-section elementor-element elementor-element-8e005bc elementor-section-boxed elementor-section-height-default elementor-section-height-default\" data-id=\"8e005bc\" data-element_type=\"section\" data-e-type=\"section\">\n\t\t\t\t\t\t<div class=\"elementor-container elementor-column-gap-default\">\n\t\t\t\t\t<div class=\"elementor-column elementor-col-100 elementor-top-column elementor-element elementor-element-d178f99\" data-id=\"d178f99\" data-element_type=\"column\" data-e-type=\"column\">\n\t\t\t<div class=\"elementor-widget-wrap elementor-element-populated\">\n\t\t\t\t\t\t<div class=\"elementor-element elementor-element-6fde262 elementor-widget elementor-widget-image\" data-id=\"6fde262\" data-element_type=\"widget\" data-e-type=\"widget\" data-widget_type=\"image.default\">\n\t\t\t\t<div class=\"elementor-widget-container\">\n\t\t\t\t\t\t\t\t\t\t\t\t\t\t\t<img fetchpriority=\"high\" decoding=\"async\" width=\"1200\" height=\"627\" src=\"https:\/\/foodtech.ac\/wp-content\/uploads\/2025\/09\/seedtoscale.jpg\" class=\"attachment-full size-full wp-image-5104\" alt=\"Seed to Scale\" srcset=\"https:\/\/foodtech.ac\/wp-content\/uploads\/2025\/09\/seedtoscale.jpg 1200w, https:\/\/foodtech.ac\/wp-content\/uploads\/2025\/09\/seedtoscale-300x157.jpg 300w, https:\/\/foodtech.ac\/wp-content\/uploads\/2025\/09\/seedtoscale-1024x535.jpg 1024w, https:\/\/foodtech.ac\/wp-content\/uploads\/2025\/09\/seedtoscale-768x401.jpg 768w\" sizes=\"(max-width: 1200px) 100vw, 1200px\" \/>\t\t\t\t\t\t\t\t\t\t\t\t\t\t\t<\/div>\n\t\t\t\t<\/div>\n\t\t\t\t<div class=\"elementor-element elementor-element-e7d3dca elementor-widget__width-initial elementor-widget elementor-widget-text-editor\" data-id=\"e7d3dca\" data-element_type=\"widget\" data-e-type=\"widget\" data-widget_type=\"text-editor.default\">\n\t\t\t\t<div class=\"elementor-widget-container\">\n\t\t\t\t\t\t\t\t\t<p>Od 2019 r. jako foodtech.ac przeprowadzili\u015bmy 7 edycji naszego akceleratora. W tym roku <b>wsp\u00f3lnie z PFR i PFR Ventures uruchamiamy program Seed to Scale<\/b> &#8211; \u015bcie\u017ck\u0119 dedykowan\u0105 innowacjom w foodtech, agritech i cleantech, kt\u00f3ra jest cz\u0119\u015bci\u0105 realizowanej przez PFR i PFR Ventures inicjatywy <a href=\"https:\/\/startup.pfr.pl\/program\/vc-connect\" target=\"_blank\" rel=\"noopener\">VC Connect.<\/a> Udzia\u0142 w programie jest bezp\u0142atny.  <\/p><h2>Kogo szukamy?<\/h2><p>Do aplikowania zapraszamy zespo\u0142y i sp\u00f3\u0142ki <b>z pomys\u0142em lub technologi\u0105 w obszarach foodtech, agritech, cleantech,<\/b> kt\u00f3re chc\u0105 zweryfikowa\u0107 sw\u00f3j model biznesowy, opracowa\u0107 MVP, przygotowa\u0107 pitch deck oraz porozmawia\u0107 z inwestorami i partnerami bran\u017cowymi.<\/p><h2>Z czego sk\u0142ada si\u0119 program?<\/h2><h3>3-dniowy sprint warsztatowy<\/h3><p><b>\ud83d\udcc5 25-27 listopada 2025, Warszawa (stacjonarnie)<\/b><\/p><p>Celem sprintu dla <b>zespo\u0142\u00f3w na wczesnym etapie rozwoju jest dopracowanie propozycji warto\u015bci, modelu biznesowego oraz planu rozwoju do MVP, <\/b>a jego rezultatem &#8211; sp\u00f3jny pitch deck, potwierdzona warto\u015b\u0107 rozwi\u0105zania oraz mapa dzia\u0142a\u0144 na kolejne miesi\u0105ce.<\/p><h3>Harvest the Future Meetup<\/h3><p><b>\ud83d\udcc5 16 grudnia 2025, Warszawa (stacjonarnie)<\/b><\/p><p>Wydarzenie po\u015bwi\u0119cone innowacjom w sektorach foodtech, agritech i cleantech, kt\u00f3re odb\u0119dzie si\u0119 stacjonarnie w Warszawie. Meetup stanowi platform\u0119 do wymiany wiedzy, nawi\u0105zywania relacji i identyfikowania startup\u00f3w o wysokim potencjale inwestycyjnym. W programie zaplanowano panele dyskusyjne z udzia\u0142em ekspert\u00f3w, praktyczne warsztaty oraz sesj\u0119 speed-dating z inwestorami, skierowan\u0105 do wyselekcjonowanych startup\u00f3w (g\u0142\u00f3wnie na etapie Seed i Series A+).  <\/p><p>W ramach wydarzenia odb\u0119d\u0105 si\u0119 tak\u017ce <b>dedykowane zespo\u0142om na p\u00f3\u017aniejszym etapie rozwoju sesje 1:1 z inwestorami, przemys\u0142em i ekspertami bran\u017cowymi.<\/b> Startupy otrzymaj\u0105 ukierunkowany feedback dotycz\u0105cy produktu, wdro\u017ce\u0144, strategii go-to-market oraz ich przygotowania do rozm\u00f3w z funduszami VC.<\/p><h2>Partnerzy programu oraz ich wyzwania<\/h2><p>Program realizowany jest we wsp\u00f3\u0142pracy PFR, PFR Ventures i foodtech.ac, przy wsparciu partner\u00f3w bran\u017cowych &#8211; <b>m.in. LipCo Foods, EIT Food, Grupy Maspex, Qemetica i Glovo,<\/b> kt\u00f3rzy poszukuj\u0105 rozwi\u0105za\u0144 i technologii dla nast\u0119puj\u0105cych wyzwa\u0144:<\/p><p><b>\ud83e\udd66 Foodtech:<\/b> alternatywne \u017ar\u00f3d\u0142a bia\u0142ka, redukcja marnotrawstwa \u017cywno\u015bci, automatyzacja gastronomii i produkcji \u017cywno\u015bci, inteligentne \u0142a\u0144cuchy dostaw i delivery w sektorze agro-food, nowe, zr\u00f3wnowa\u017cone sk\u0142adniki spo\u017cywcze.<\/p><p>\ud83d\ude9c <b>Agritech: <\/b>rolnictwo odporne na zmiany klimatu, rolnictwo precyzyjne i cyfrowe zarz\u0105dzanie gospodarstwem, robotyzacja prac polowych.<\/p><p><b>\ud83d\udce6 Cleantech:<\/b> AI dla zr\u00f3wnowa\u017conego przemys\u0142u rolno-spo\u017cywczego, technologie dla zr\u00f3wnowa\u017conych opakowa\u0144, inteligentne dane dla zr\u00f3wnowa\u017conego \u017cywienia, smart retail.<\/p>\t\t\t\t\t\t\t\t<\/div>\n\t\t\t\t<\/div>\n\t\t\t\t<div class=\"elementor-element elementor-element-f6a1f19 elementor-widget elementor-widget-image\" data-id=\"f6a1f19\" data-element_type=\"widget\" data-e-type=\"widget\" data-widget_type=\"image.default\">\n\t\t\t\t<div class=\"elementor-widget-container\">\n\t\t\t\t\t\t\t\t\t\t\t\t\t\t\t<img decoding=\"async\" width=\"1024\" height=\"576\" src=\"https:\/\/foodtech.ac\/wp-content\/uploads\/2025\/09\/seed-to-scale-webinar-1024x576.jpg\" class=\"attachment-large size-large wp-image-5183\" alt=\"Seed to Scale Information Webinar\" srcset=\"https:\/\/foodtech.ac\/wp-content\/uploads\/2025\/09\/seed-to-scale-webinar-1024x576.jpg 1024w, https:\/\/foodtech.ac\/wp-content\/uploads\/2025\/09\/seed-to-scale-webinar-300x169.jpg 300w, https:\/\/foodtech.ac\/wp-content\/uploads\/2025\/09\/seed-to-scale-webinar-768x432.jpg 768w, https:\/\/foodtech.ac\/wp-content\/uploads\/2025\/09\/seed-to-scale-webinar.jpg 1200w\" sizes=\"(max-width: 1024px) 100vw, 1024px\" \/>\t\t\t\t\t\t\t\t\t\t\t\t\t\t\t<\/div>\n\t\t\t\t<\/div>\n\t\t\t\t<div class=\"elementor-element elementor-element-62bcfeb elementor-widget__width-initial elementor-widget elementor-widget-text-editor\" data-id=\"62bcfeb\" data-element_type=\"widget\" data-e-type=\"widget\" data-widget_type=\"text-editor.default\">\n\t\t\t\t<div class=\"elementor-widget-container\">\n\t\t\t\t\t\t\t\t\t<p><span style=\"font-size: 36px;\">Webinar informacyjny<\/span><\/p>\n<p>On October 14 at 11:00 CET&nbsp;<a href=\"https:\/\/startup.pfr.pl\/wydarzenie\/seed-scale-webinar-informacyjny\" target=\"_blank\" rel=\"noopener\">join us for an information webinar<\/a>&nbsp;designed for startups and entrepreneurs who want to learn how can they grow their projects within Seed to Scale.<\/p>\n<p><b>Podczas webinaru dowiesz si\u0119:<\/b> jakie korzy\u015bci zyskasz do\u0142\u0105czaj\u0105c do programu Seed to Scale, z jakimi ekspertami b\u0119dziesz m\u00f3g\u0142 skonsultowa\u0107 sw\u00f3j projekt oraz dlaczego warto rozwija\u0107 innowacje wspieraj\u0105ce zielon\u0105 transformacj\u0119 i bezpiecze\u0144stwo \u017cywno\u015bciowe. Otrzymasz r\u00f3wnie\u017c odpowiedzi na pytania dotycz\u0105ce procesu aplikacji i rekrutacji. <\/p>\n<h3>Prelegenci<\/h3>\n<h3><a style=\"font-size: 18px;\" href=\"https:\/\/www.linkedin.com\/in\/piotrgrabo\/\">Piotr Grabowski<\/a><span style=\"font-size: 18px;\"> &#8211; Co-founder, foodtech.ac<br><\/span><a style=\"font-size: 18px;\" href=\"https:\/\/www.linkedin.com\/in\/marta-%C5%9Blubowska-69149926a\/\" target=\"_blank\" rel=\"noopener\">Marta \u015alubowska<\/a><span style=\"font-size: 18px;\">&nbsp;&#8211; Dyrektor Dzia\u0142u Prawnego Grupy Kapita\u0142owej, LipCo Foods<br><\/span><a style=\"font-size: 18px;\" href=\"https:\/\/www.linkedin.com\/in\/marta-kutyna-bakalarska-74444117\/\">Marta Kutyna-Bakalarska<\/a><span style=\"font-size: 18px;\"> &#8211; Dyrektor Dzia\u0142u Innowacji, Maspex<\/span><\/h3>\n<h2>Kluczowe terminy<\/h2>\n<p><b>Webinar informacyjny:<\/b> 14 pa\u017adziernika 2025<br><b>Nab\u00f3r:<\/b> do 26 pa\u017adziernika 2025<br><b>Wyniki naboru:<\/b> 3 listopada 2025<br><b>Sprint warsztatowy:<\/b> 25\u201327 listopada 2025<br><b>Harvest the Future Meetup:<\/b> 16 grudnia 2025<\/p>\t\t\t\t\t\t\t\t<\/div>\n\t\t\t\t<\/div>\n\t\t\t\t<div class=\"elementor-element elementor-element-bfe9bd4 elementor-align-center elementor-widget elementor-widget-button\" data-id=\"bfe9bd4\" data-element_type=\"widget\" data-e-type=\"widget\" data-widget_type=\"button.default\">\n\t\t\t\t<div class=\"elementor-widget-container\">\n\t\t\t\t\t\t\t\t\t<div class=\"elementor-button-wrapper\">\n\t\t\t\t\t<a class=\"elementor-button elementor-button-link elementor-size-lg\" href=\"https:\/\/startup.pfr.pl\/program\/seed-to-scale\" target=\"_blank\">\n\t\t\t\t\t\t<span class=\"elementor-button-content-wrapper\">\n\t\t\t\t\t\t\t\t\t<span class=\"elementor-button-text\">Dowiedz si\u0119 wi\u0119cej i aplikuj<\/span>\n\t\t\t\t\t<\/span>\n\t\t\t\t\t<\/a>\n\t\t\t\t<\/div>\n\t\t\t\t\t\t\t\t<\/div>\n\t\t\t\t<\/div>\n\t\t\t\t\t<\/div>\n\t\t<\/div>\n\t\t\t\t\t<\/div>\n\t\t<\/section>\n\t\t\t\t<section class=\"elementor-section elementor-top-section elementor-element elementor-element-3341f98b elementor-section-boxed elementor-section-height-default elementor-section-height-default\" data-id=\"3341f98b\" data-element_type=\"section\" data-e-type=\"section\" data-settings=\"{&quot;background_background&quot;:&quot;classic&quot;}\">\n\t\t\t\t\t\t<div class=\"elementor-container elementor-column-gap-default\">\n\t\t\t\t\t<div class=\"elementor-column elementor-col-50 elementor-top-column elementor-element elementor-element-619a3f37\" data-id=\"619a3f37\" data-element_type=\"column\" data-e-type=\"column\">\n\t\t\t<div class=\"elementor-widget-wrap elementor-element-populated\">\n\t\t\t\t\t\t<div class=\"elementor-element elementor-element-75459d9f elementor-widget elementor-widget-heading\" data-id=\"75459d9f\" data-element_type=\"widget\" data-e-type=\"widget\" data-widget_type=\"heading.default\">\n\t\t\t\t<div class=\"elementor-widget-container\">\n\t\t\t\t\t<h2 class=\"elementor-heading-title elementor-size-default\">Zapisz si\u0119 do naszego newslettera!<\/h2>\t\t\t\t<\/div>\n\t\t\t\t<\/div>\n\t\t\t\t<div class=\"elementor-element elementor-element-2c7d10bd elementor-widget elementor-widget-text-editor\" data-id=\"2c7d10bd\" data-element_type=\"widget\" data-e-type=\"widget\" data-widget_type=\"text-editor.default\">\n\t\t\t\t<div class=\"elementor-widget-container\">\n\t\t\t\t\t\t\t\t\t<p>B\u0105d\u017a na bie\u017c\u0105co z najnowszymi wiadomo\u015bciami o rynku i startupach foodtech. Jako pierwszy dowiedz si\u0119 o nowych inwestycjach, raportach, naszych wydarzeniach i nowo\u015bciach w portfolio. Otrzymuj najciekawsze wie\u015bci z foodtech.ac Family prosto na swoj\u0105 skrzynk\u0119 mailow\u0105!<\/p>\t\t\t\t\t\t\t\t<\/div>\n\t\t\t\t<\/div>\n\t\t\t\t\t<\/div>\n\t\t<\/div>\n\t\t\t\t<div class=\"elementor-column elementor-col-50 elementor-top-column elementor-element elementor-element-2c29eac9\" data-id=\"2c29eac9\" data-element_type=\"column\" data-e-type=\"column\">\n\t\t\t<div class=\"elementor-widget-wrap elementor-element-populated\">\n\t\t\t\t\t\t<div class=\"elementor-element elementor-element-1f4b2333 elementor-widget elementor-widget-shortcode\" data-id=\"1f4b2333\" data-element_type=\"widget\" data-e-type=\"widget\" data-widget_type=\"shortcode.default\">\n\t\t\t\t<div class=\"elementor-widget-container\">\n\t\t\t\t\t\t\t<div class=\"elementor-shortcode\"><script>(function() {\n\twindow.mc4wp = window.mc4wp || {\n\t\tlisteners: [],\n\t\tforms: {\n\t\t\ton: function(evt, cb) {\n\t\t\t\twindow.mc4wp.listeners.push(\n\t\t\t\t\t{\n\t\t\t\t\t\tevent   : evt,\n\t\t\t\t\t\tcallback: cb\n\t\t\t\t\t}\n\t\t\t\t);\n\t\t\t}\n\t\t}\n\t}\n})();\n<\/script><!-- Mailchimp for WordPress v4.12.2 - https:\/\/wordpress.org\/plugins\/mailchimp-for-wp\/ --><form id=\"mc4wp-form-1\" class=\"mc4wp-form mc4wp-form-2121 mc4wp-form-basic\" method=\"post\" data-id=\"2121\" data-name=\"Newsletter\" ><div class=\"mc4wp-form-fields\"><p><input style=\"display: block; width: 100%!important; box-sizing: border-box; border-radius: 0; background-color: #FFFFFF; border-color: #FFFFFF; color: #000000\" type=\"email\" name=\"EMAIL\" placeholder=\"Enter your e-mail\" required \/><\/p>\r\n<p><input style=\"width: 100%; background: none; border: 3px solid; color: #FFFFFF; font-size: 18px; border-radius: 0px; font-family: Poppins; font-weight: 400\" type=\"submit\" value=\"Subscribe\" \/><\/p><\/div><label style=\"display: none !important;\">Pozostaw to pole puste, je\u015bli jeste\u015b cz\u0142owiekiem: <input type=\"text\" name=\"_mc4wp_honeypot\" value=\"\" tabindex=\"-1\" autocomplete=\"off\" \/><\/label><input type=\"hidden\" name=\"_mc4wp_timestamp\" value=\"1777613948\" \/><input type=\"hidden\" name=\"_mc4wp_form_id\" value=\"2121\" \/><input type=\"hidden\" name=\"_mc4wp_form_element_id\" value=\"mc4wp-form-1\" \/><div class=\"mc4wp-response\"><\/div><\/form><!-- \/ Mailchimp for WordPress Plugin --><\/div>\n\t\t\t\t\t\t<\/div>\n\t\t\t\t<\/div>\n\t\t\t\t<div class=\"elementor-element elementor-element-9710bb1 elementor-shape-square elementor-grid-0 e-grid-align-center elementor-widget elementor-widget-social-icons\" data-id=\"9710bb1\" data-element_type=\"widget\" data-e-type=\"widget\" data-widget_type=\"social-icons.default\">\n\t\t\t\t<div class=\"elementor-widget-container\">\n\t\t\t\t\t\t\t<div class=\"elementor-social-icons-wrapper elementor-grid\" role=\"list\">\n\t\t\t\t\t\t\t<span class=\"elementor-grid-item\" role=\"listitem\">\n\t\t\t\t\t<a class=\"elementor-icon elementor-social-icon elementor-social-icon-facebook elementor-repeater-item-b1e5999\" href=\"https:\/\/www.facebook.com\/foodtechac\" target=\"_blank\">\n\t\t\t\t\t\t<span class=\"elementor-screen-only\">Facebook<\/span>\n\t\t\t\t\t\t<i aria-hidden=\"true\" class=\"fab fa-facebook\"><\/i>\t\t\t\t\t<\/a>\n\t\t\t\t<\/span>\n\t\t\t\t\t\t\t<span class=\"elementor-grid-item\" role=\"listitem\">\n\t\t\t\t\t<a class=\"elementor-icon elementor-social-icon elementor-social-icon-instagram elementor-repeater-item-860c206\" href=\"https:\/\/www.instagram.com\/foodtech.ac\/\" target=\"_blank\">\n\t\t\t\t\t\t<span class=\"elementor-screen-only\">Instagram<\/span>\n\t\t\t\t\t\t<i aria-hidden=\"true\" class=\"fab fa-instagram\"><\/i>\t\t\t\t\t<\/a>\n\t\t\t\t<\/span>\n\t\t\t\t\t\t\t<span class=\"elementor-grid-item\" role=\"listitem\">\n\t\t\t\t\t<a class=\"elementor-icon elementor-social-icon elementor-social-icon-linkedin elementor-repeater-item-e9212bc\" href=\"https:\/\/www.linkedin.com\/company\/foodtechac\/\" target=\"_blank\">\n\t\t\t\t\t\t<span class=\"elementor-screen-only\">Linkedin<\/span>\n\t\t\t\t\t\t<i aria-hidden=\"true\" class=\"fab fa-linkedin\"><\/i>\t\t\t\t\t<\/a>\n\t\t\t\t<\/span>\n\t\t\t\t\t\t\t<span class=\"elementor-grid-item\" role=\"listitem\">\n\t\t\t\t\t<a class=\"elementor-icon elementor-social-icon elementor-social-icon-youtube elementor-repeater-item-e33d267\" href=\"https:\/\/www.youtube.com\/@foodtechac\" target=\"_blank\">\n\t\t\t\t\t\t<span class=\"elementor-screen-only\">Youtube<\/span>\n\t\t\t\t\t\t<i aria-hidden=\"true\" class=\"fab fa-youtube\"><\/i>\t\t\t\t\t<\/a>\n\t\t\t\t<\/span>\n\t\t\t\t\t<\/div>\n\t\t\t\t\t\t<\/div>\n\t\t\t\t<\/div>\n\t\t\t\t\t<\/div>\n\t\t<\/div>\n\t\t\t\t\t<\/div>\n\t\t<\/section>\n\t\t\t\t<\/div>\n\t\t","protected":false},"excerpt":{"rendered":"<p>Od 2019 r. jako foodtech.ac przeprowadzili\u015bmy 7 edycji naszego akceleratora. W tym roku wsp\u00f3lnie z PFR i PFR Ventures uruchamiamy program Seed to Scale &#8211; \u015bcie\u017ck\u0119 dedykowan\u0105 innowacjom w foodtech, agritech i cleantech, kt\u00f3ra jest cz\u0119\u015bci\u0105 realizowanej przez PFR i PFR Ventures inicjatywy VC Connect. Udzia\u0142 w programie jest bezp\u0142atny. Kogo szukamy? Do aplikowania zapraszamy&hellip;&nbsp;<a href=\"https:\/\/foodtech.ac\/pl\/seed-to-scale\/\" rel=\"bookmark\">Dowiedz si\u0119 wi\u0119cej &raquo;<span class=\"screen-reader-text\">Ruszy\u0142 nab\u00f3r do programu Seed to Scale &#8211; foodtech, agritech, cleantech<\/span><\/a><\/p>\n","protected":false},"author":1,"featured_media":5106,"comment_status":"closed","ping_status":"open","sticky":false,"template":"","format":"standard","meta":{"neve_meta_sidebar":"","neve_meta_container":"","neve_meta_enable_content_width":"","neve_meta_content_width":0,"neve_meta_title_alignment":"","neve_meta_author_avatar":"","neve_post_elements_order":"","neve_meta_disable_header":"","neve_meta_disable_footer":"","neve_meta_disable_title":"","footnotes":""},"categories":[24],"tags":[],"class_list":["post-5128","post","type-post","status-publish","format-standard","has-post-thumbnail","hentry","category-programy"],"yoast_head":"<!-- This site is optimized with the Yoast SEO plugin v27.5 - https:\/\/yoast.com\/product\/yoast-seo-wordpress\/ -->\n<title>Ruszy\u0142 nab\u00f3r do programu Seed to Scale - foodtech, agritech, cleantech<\/title>\n<meta name=\"description\" content=\"Ruszy\u0142 nab\u00f3r do Seed to Scale od PFR, PFR Ventures i foodtech.ac w ramach VC Connect - bezp\u0142atnego programu dla startup\u00f3w foodtech, agritech i cleantech. Zbuduj MVP i pitch deck podczas 3-dniowego sprintu, skorzystaj z sesji 1:1 z inwestorami i partnerami, a tak\u017ce z paneli, warsztat\u00f3w i speed-datingu inwestorskiego.\" \/>\n<meta name=\"robots\" content=\"index, follow, max-snippet:-1, max-image-preview:large, max-video-preview:-1\" \/>\n<link rel=\"canonical\" href=\"https:\/\/foodtech.ac\/pl\/seed-to-scale\/\" \/>\n<meta property=\"og:locale\" content=\"pl_PL\" \/>\n<meta property=\"og:type\" content=\"article\" \/>\n<meta property=\"og:title\" content=\"Ruszy\u0142 nab\u00f3r do programu Seed to Scale - foodtech, agritech, cleantech\" \/>\n<meta property=\"og:description\" content=\"Ruszy\u0142 nab\u00f3r do Seed to Scale od PFR, PFR Ventures i foodtech.ac w ramach VC Connect - bezp\u0142atnego programu dla startup\u00f3w foodtech, agritech i cleantech. Zbuduj MVP i pitch deck podczas 3-dniowego sprintu, skorzystaj z sesji 1:1 z inwestorami i partnerami, a tak\u017ce z paneli, warsztat\u00f3w i speed-datingu inwestorskiego.\" \/>\n<meta property=\"og:url\" content=\"https:\/\/foodtech.ac\/pl\/seed-to-scale\/\" \/>\n<meta property=\"og:site_name\" content=\"foodtech.ac\" \/>\n<meta property=\"article:published_time\" content=\"2025-09-03T07:00:11+00:00\" \/>\n<meta property=\"article:modified_time\" content=\"2025-10-16T16:30:09+00:00\" \/>\n<meta property=\"og:image\" content=\"https:\/\/foodtech.ac\/wp-content\/uploads\/2025\/09\/seedtoscale-1024x535.jpg\" \/>\n<meta name=\"author\" content=\"Piotr Grabowski\" \/>\n<meta name=\"twitter:card\" content=\"summary_large_image\" \/>\n<meta name=\"twitter:image\" content=\"https:\/\/foodtech.ac\/wp-content\/uploads\/2025\/09\/seedtoscale-1024x535.jpg\" \/>\n<meta name=\"twitter:label1\" content=\"Napisane przez\" \/>\n\t<meta name=\"twitter:data1\" content=\"Piotr Grabowski\" \/>\n\t<meta name=\"twitter:label2\" content=\"Szacowany czas czytania\" \/>\n\t<meta name=\"twitter:data2\" content=\"3 minuty\" \/>\n<script type=\"application\/ld+json\" class=\"yoast-schema-graph\">{\"@context\":\"https:\\\/\\\/schema.org\",\"@graph\":[{\"@type\":\"Article\",\"@id\":\"https:\\\/\\\/foodtech.ac\\\/pl\\\/seed-to-scale\\\/#article\",\"isPartOf\":{\"@id\":\"https:\\\/\\\/foodtech.ac\\\/pl\\\/seed-to-scale\\\/\"},\"author\":{\"name\":\"Piotr Grabowski\",\"@id\":\"https:\\\/\\\/foodtech.ac\\\/pl\\\/#\\\/schema\\\/person\\\/834745d71ad214c930536a3e8223c08a\"},\"headline\":\"Ruszy\u0142 nab\u00f3r do programu Seed to Scale &#8211; foodtech, agritech, cleantech\",\"datePublished\":\"2025-09-03T07:00:11+00:00\",\"dateModified\":\"2025-10-16T16:30:09+00:00\",\"mainEntityOfPage\":{\"@id\":\"https:\\\/\\\/foodtech.ac\\\/pl\\\/seed-to-scale\\\/\"},\"wordCount\":599,\"image\":{\"@id\":\"https:\\\/\\\/foodtech.ac\\\/pl\\\/seed-to-scale\\\/#primaryimage\"},\"thumbnailUrl\":\"https:\\\/\\\/foodtech.ac\\\/wp-content\\\/uploads\\\/2025\\\/09\\\/seedtoscale-cover.jpg\",\"articleSection\":[\"Programy\"],\"inLanguage\":\"pl-PL\"},{\"@type\":\"WebPage\",\"@id\":\"https:\\\/\\\/foodtech.ac\\\/pl\\\/seed-to-scale\\\/\",\"url\":\"https:\\\/\\\/foodtech.ac\\\/pl\\\/seed-to-scale\\\/\",\"name\":\"Ruszy\u0142 nab\u00f3r do programu Seed to Scale - foodtech, agritech, cleantech\",\"isPartOf\":{\"@id\":\"https:\\\/\\\/foodtech.ac\\\/pl\\\/#website\"},\"primaryImageOfPage\":{\"@id\":\"https:\\\/\\\/foodtech.ac\\\/pl\\\/seed-to-scale\\\/#primaryimage\"},\"image\":{\"@id\":\"https:\\\/\\\/foodtech.ac\\\/pl\\\/seed-to-scale\\\/#primaryimage\"},\"thumbnailUrl\":\"https:\\\/\\\/foodtech.ac\\\/wp-content\\\/uploads\\\/2025\\\/09\\\/seedtoscale-cover.jpg\",\"datePublished\":\"2025-09-03T07:00:11+00:00\",\"dateModified\":\"2025-10-16T16:30:09+00:00\",\"author\":{\"@id\":\"https:\\\/\\\/foodtech.ac\\\/pl\\\/#\\\/schema\\\/person\\\/834745d71ad214c930536a3e8223c08a\"},\"description\":\"Ruszy\u0142 nab\u00f3r do Seed to Scale od PFR, PFR Ventures i foodtech.ac w ramach VC Connect - bezp\u0142atnego programu dla startup\u00f3w foodtech, agritech i cleantech. Zbuduj MVP i pitch deck podczas 3-dniowego sprintu, skorzystaj z sesji 1:1 z inwestorami i partnerami, a tak\u017ce z paneli, warsztat\u00f3w i speed-datingu inwestorskiego.\",\"breadcrumb\":{\"@id\":\"https:\\\/\\\/foodtech.ac\\\/pl\\\/seed-to-scale\\\/#breadcrumb\"},\"inLanguage\":\"pl-PL\",\"potentialAction\":[{\"@type\":\"ReadAction\",\"target\":[\"https:\\\/\\\/foodtech.ac\\\/pl\\\/seed-to-scale\\\/\"]}]},{\"@type\":\"ImageObject\",\"inLanguage\":\"pl-PL\",\"@id\":\"https:\\\/\\\/foodtech.ac\\\/pl\\\/seed-to-scale\\\/#primaryimage\",\"url\":\"https:\\\/\\\/foodtech.ac\\\/wp-content\\\/uploads\\\/2025\\\/09\\\/seedtoscale-cover.jpg\",\"contentUrl\":\"https:\\\/\\\/foodtech.ac\\\/wp-content\\\/uploads\\\/2025\\\/09\\\/seedtoscale-cover.jpg\",\"width\":930,\"height\":620,\"caption\":\"Seed to Scale\"},{\"@type\":\"BreadcrumbList\",\"@id\":\"https:\\\/\\\/foodtech.ac\\\/pl\\\/seed-to-scale\\\/#breadcrumb\",\"itemListElement\":[{\"@type\":\"ListItem\",\"position\":1,\"name\":\"Strona g\u0142\u00f3wna\",\"item\":\"https:\\\/\\\/foodtech.ac\\\/pl\\\/strona-glowna\\\/\"},{\"@type\":\"ListItem\",\"position\":2,\"name\":\"Ruszy\u0142 nab\u00f3r do programu Seed to Scale &#8211; foodtech, agritech, cleantech\"}]},{\"@type\":\"WebSite\",\"@id\":\"https:\\\/\\\/foodtech.ac\\\/pl\\\/#website\",\"url\":\"https:\\\/\\\/foodtech.ac\\\/pl\\\/\",\"name\":\"foodtech.ac\",\"description\":\"\",\"potentialAction\":[{\"@type\":\"SearchAction\",\"target\":{\"@type\":\"EntryPoint\",\"urlTemplate\":\"https:\\\/\\\/foodtech.ac\\\/pl\\\/?s={search_term_string}\"},\"query-input\":{\"@type\":\"PropertyValueSpecification\",\"valueRequired\":true,\"valueName\":\"search_term_string\"}}],\"inLanguage\":\"pl-PL\"},{\"@type\":\"Person\",\"@id\":\"https:\\\/\\\/foodtech.ac\\\/pl\\\/#\\\/schema\\\/person\\\/834745d71ad214c930536a3e8223c08a\",\"name\":\"Piotr Grabowski\",\"image\":{\"@type\":\"ImageObject\",\"inLanguage\":\"pl-PL\",\"@id\":\"https:\\\/\\\/secure.gravatar.com\\\/avatar\\\/9bcaf2219e31ff2f54ae6144caa975bf91aac6bf6b203140b9265102dba2b0eb?s=96&d=mm&r=g\",\"url\":\"https:\\\/\\\/secure.gravatar.com\\\/avatar\\\/9bcaf2219e31ff2f54ae6144caa975bf91aac6bf6b203140b9265102dba2b0eb?s=96&d=mm&r=g\",\"contentUrl\":\"https:\\\/\\\/secure.gravatar.com\\\/avatar\\\/9bcaf2219e31ff2f54ae6144caa975bf91aac6bf6b203140b9265102dba2b0eb?s=96&d=mm&r=g\",\"caption\":\"Piotr Grabowski\"},\"url\":\"https:\\\/\\\/foodtech.ac\\\/pl\\\/author\\\/piotr-grabowski\\\/\"}]}<\/script>\n<!-- \/ Yoast SEO plugin. -->","yoast_head_json":{"title":"Ruszy\u0142 nab\u00f3r do programu Seed to Scale - foodtech, agritech, cleantech","description":"Ruszy\u0142 nab\u00f3r do Seed to Scale od PFR, PFR Ventures i foodtech.ac w ramach VC Connect - bezp\u0142atnego programu dla startup\u00f3w foodtech, agritech i cleantech. Zbuduj MVP i pitch deck podczas 3-dniowego sprintu, skorzystaj z sesji 1:1 z inwestorami i partnerami, a tak\u017ce z paneli, warsztat\u00f3w i speed-datingu inwestorskiego.","robots":{"index":"index","follow":"follow","max-snippet":"max-snippet:-1","max-image-preview":"max-image-preview:large","max-video-preview":"max-video-preview:-1"},"canonical":"https:\/\/foodtech.ac\/pl\/seed-to-scale\/","og_locale":"pl_PL","og_type":"article","og_title":"Ruszy\u0142 nab\u00f3r do programu Seed to Scale - foodtech, agritech, cleantech","og_description":"Ruszy\u0142 nab\u00f3r do Seed to Scale od PFR, PFR Ventures i foodtech.ac w ramach VC Connect - bezp\u0142atnego programu dla startup\u00f3w foodtech, agritech i cleantech. Zbuduj MVP i pitch deck podczas 3-dniowego sprintu, skorzystaj z sesji 1:1 z inwestorami i partnerami, a tak\u017ce z paneli, warsztat\u00f3w i speed-datingu inwestorskiego.","og_url":"https:\/\/foodtech.ac\/pl\/seed-to-scale\/","og_site_name":"foodtech.ac","article_published_time":"2025-09-03T07:00:11+00:00","article_modified_time":"2025-10-16T16:30:09+00:00","og_image":[{"url":"https:\/\/foodtech.ac\/wp-content\/uploads\/2025\/09\/seedtoscale-1024x535.jpg","type":"","width":"","height":""}],"author":"Piotr Grabowski","twitter_card":"summary_large_image","twitter_image":"https:\/\/foodtech.ac\/wp-content\/uploads\/2025\/09\/seedtoscale-1024x535.jpg","twitter_misc":{"Napisane przez":"Piotr Grabowski","Szacowany czas czytania":"3 minuty"},"schema":{"@context":"https:\/\/schema.org","@graph":[{"@type":"Article","@id":"https:\/\/foodtech.ac\/pl\/seed-to-scale\/#article","isPartOf":{"@id":"https:\/\/foodtech.ac\/pl\/seed-to-scale\/"},"author":{"name":"Piotr Grabowski","@id":"https:\/\/foodtech.ac\/pl\/#\/schema\/person\/834745d71ad214c930536a3e8223c08a"},"headline":"Ruszy\u0142 nab\u00f3r do programu Seed to Scale &#8211; foodtech, agritech, cleantech","datePublished":"2025-09-03T07:00:11+00:00","dateModified":"2025-10-16T16:30:09+00:00","mainEntityOfPage":{"@id":"https:\/\/foodtech.ac\/pl\/seed-to-scale\/"},"wordCount":599,"image":{"@id":"https:\/\/foodtech.ac\/pl\/seed-to-scale\/#primaryimage"},"thumbnailUrl":"https:\/\/foodtech.ac\/wp-content\/uploads\/2025\/09\/seedtoscale-cover.jpg","articleSection":["Programy"],"inLanguage":"pl-PL"},{"@type":"WebPage","@id":"https:\/\/foodtech.ac\/pl\/seed-to-scale\/","url":"https:\/\/foodtech.ac\/pl\/seed-to-scale\/","name":"Ruszy\u0142 nab\u00f3r do programu Seed to Scale - foodtech, agritech, cleantech","isPartOf":{"@id":"https:\/\/foodtech.ac\/pl\/#website"},"primaryImageOfPage":{"@id":"https:\/\/foodtech.ac\/pl\/seed-to-scale\/#primaryimage"},"image":{"@id":"https:\/\/foodtech.ac\/pl\/seed-to-scale\/#primaryimage"},"thumbnailUrl":"https:\/\/foodtech.ac\/wp-content\/uploads\/2025\/09\/seedtoscale-cover.jpg","datePublished":"2025-09-03T07:00:11+00:00","dateModified":"2025-10-16T16:30:09+00:00","author":{"@id":"https:\/\/foodtech.ac\/pl\/#\/schema\/person\/834745d71ad214c930536a3e8223c08a"},"description":"Ruszy\u0142 nab\u00f3r do Seed to Scale od PFR, PFR Ventures i foodtech.ac w ramach VC Connect - bezp\u0142atnego programu dla startup\u00f3w foodtech, agritech i cleantech. Zbuduj MVP i pitch deck podczas 3-dniowego sprintu, skorzystaj z sesji 1:1 z inwestorami i partnerami, a tak\u017ce z paneli, warsztat\u00f3w i speed-datingu inwestorskiego.","breadcrumb":{"@id":"https:\/\/foodtech.ac\/pl\/seed-to-scale\/#breadcrumb"},"inLanguage":"pl-PL","potentialAction":[{"@type":"ReadAction","target":["https:\/\/foodtech.ac\/pl\/seed-to-scale\/"]}]},{"@type":"ImageObject","inLanguage":"pl-PL","@id":"https:\/\/foodtech.ac\/pl\/seed-to-scale\/#primaryimage","url":"https:\/\/foodtech.ac\/wp-content\/uploads\/2025\/09\/seedtoscale-cover.jpg","contentUrl":"https:\/\/foodtech.ac\/wp-content\/uploads\/2025\/09\/seedtoscale-cover.jpg","width":930,"height":620,"caption":"Seed to Scale"},{"@type":"BreadcrumbList","@id":"https:\/\/foodtech.ac\/pl\/seed-to-scale\/#breadcrumb","itemListElement":[{"@type":"ListItem","position":1,"name":"Strona g\u0142\u00f3wna","item":"https:\/\/foodtech.ac\/pl\/strona-glowna\/"},{"@type":"ListItem","position":2,"name":"Ruszy\u0142 nab\u00f3r do programu Seed to Scale &#8211; foodtech, agritech, cleantech"}]},{"@type":"WebSite","@id":"https:\/\/foodtech.ac\/pl\/#website","url":"https:\/\/foodtech.ac\/pl\/","name":"foodtech.ac","description":"","potentialAction":[{"@type":"SearchAction","target":{"@type":"EntryPoint","urlTemplate":"https:\/\/foodtech.ac\/pl\/?s={search_term_string}"},"query-input":{"@type":"PropertyValueSpecification","valueRequired":true,"valueName":"search_term_string"}}],"inLanguage":"pl-PL"},{"@type":"Person","@id":"https:\/\/foodtech.ac\/pl\/#\/schema\/person\/834745d71ad214c930536a3e8223c08a","name":"Piotr Grabowski","image":{"@type":"ImageObject","inLanguage":"pl-PL","@id":"https:\/\/secure.gravatar.com\/avatar\/9bcaf2219e31ff2f54ae6144caa975bf91aac6bf6b203140b9265102dba2b0eb?s=96&d=mm&r=g","url":"https:\/\/secure.gravatar.com\/avatar\/9bcaf2219e31ff2f54ae6144caa975bf91aac6bf6b203140b9265102dba2b0eb?s=96&d=mm&r=g","contentUrl":"https:\/\/secure.gravatar.com\/avatar\/9bcaf2219e31ff2f54ae6144caa975bf91aac6bf6b203140b9265102dba2b0eb?s=96&d=mm&r=g","caption":"Piotr Grabowski"},"url":"https:\/\/foodtech.ac\/pl\/author\/piotr-grabowski\/"}]}},"_links":{"self":[{"href":"https:\/\/foodtech.ac\/pl\/wp-json\/wp\/v2\/posts\/5128","targetHints":{"allow":["GET"]}}],"collection":[{"href":"https:\/\/foodtech.ac\/pl\/wp-json\/wp\/v2\/posts"}],"about":[{"href":"https:\/\/foodtech.ac\/pl\/wp-json\/wp\/v2\/types\/post"}],"author":[{"embeddable":true,"href":"https:\/\/foodtech.ac\/pl\/wp-json\/wp\/v2\/users\/1"}],"replies":[{"embeddable":true,"href":"https:\/\/foodtech.ac\/pl\/wp-json\/wp\/v2\/comments?post=5128"}],"version-history":[{"count":2,"href":"https:\/\/foodtech.ac\/pl\/wp-json\/wp\/v2\/posts\/5128\/revisions"}],"predecessor-version":[{"id":5212,"href":"https:\/\/foodtech.ac\/pl\/wp-json\/wp\/v2\/posts\/5128\/revisions\/5212"}],"wp:featuredmedia":[{"embeddable":true,"href":"https:\/\/foodtech.ac\/pl\/wp-json\/wp\/v2\/media\/5106"}],"wp:attachment":[{"href":"https:\/\/foodtech.ac\/pl\/wp-json\/wp\/v2\/media?parent=5128"}],"wp:term":[{"taxonomy":"category","embeddable":true,"href":"https:\/\/foodtech.ac\/pl\/wp-json\/wp\/v2\/categories?post=5128"},{"taxonomy":"post_tag","embeddable":true,"href":"https:\/\/foodtech.ac\/pl\/wp-json\/wp\/v2\/tags?post=5128"}],"curies":[{"name":"wp","href":"https:\/\/api.w.org\/{rel}","templated":true}]}}