{"id":5256,"date":"2025-10-07T12:30:51","date_gmt":"2025-10-07T10:30:51","guid":{"rendered":"https:\/\/foodtech.ac\/wystartowala-druga-edycja-programu-nestledlanauki-inicjatywy-wspierajacej-mlodych-badaczy-i-innowatorow\/"},"modified":"2025-10-22T08:42:59","modified_gmt":"2025-10-22T06:42:59","slug":"wystartowala-druga-edycja-programu-nestledlanauki-inicjatywy-wspierajacej-mlodych-badaczy-innowatorow","status":"publish","type":"post","link":"https:\/\/foodtech.ac\/pl\/wystartowala-druga-edycja-programu-nestledlanauki-inicjatywy-wspierajacej-mlodych-badaczy-innowatorow\/","title":{"rendered":"Wystartowa\u0142a druga edycja programu #NestleDlaNauki &#8211; inicjatywy wspieraj\u0105cej m\u0142odych badaczy i innowator\u00f3w"},"content":{"rendered":"\t\t<div data-elementor-type=\"wp-post\" data-elementor-id=\"5256\" class=\"elementor elementor-5256 elementor-5238\">\n\t\t\t\t\t\t<section class=\"elementor-section elementor-top-section elementor-element elementor-element-8e005bc elementor-section-boxed elementor-section-height-default elementor-section-height-default\" data-id=\"8e005bc\" data-element_type=\"section\" data-e-type=\"section\">\n\t\t\t\t\t\t<div class=\"elementor-container elementor-column-gap-default\">\n\t\t\t\t\t<div class=\"elementor-column elementor-col-100 elementor-top-column elementor-element elementor-element-d178f99\" data-id=\"d178f99\" data-element_type=\"column\" data-e-type=\"column\">\n\t\t\t<div class=\"elementor-widget-wrap elementor-element-populated\">\n\t\t\t\t\t\t<div class=\"elementor-element elementor-element-6fde262 elementor-widget elementor-widget-image\" data-id=\"6fde262\" data-element_type=\"widget\" data-e-type=\"widget\" data-widget_type=\"image.default\">\n\t\t\t\t<div class=\"elementor-widget-container\">\n\t\t\t\t\t\t\t\t\t\t\t\t\t\t\t<img fetchpriority=\"high\" decoding=\"async\" width=\"1200\" height=\"630\" src=\"https:\/\/foodtech.ac\/wp-content\/uploads\/2025\/10\/nestle-dla-nauki-2025.jpg\" class=\"attachment-full size-full wp-image-5241\" alt=\"#NestleDlaNauki\" srcset=\"https:\/\/foodtech.ac\/wp-content\/uploads\/2025\/10\/nestle-dla-nauki-2025.jpg 1200w, https:\/\/foodtech.ac\/wp-content\/uploads\/2025\/10\/nestle-dla-nauki-2025-300x158.jpg 300w, https:\/\/foodtech.ac\/wp-content\/uploads\/2025\/10\/nestle-dla-nauki-2025-1024x538.jpg 1024w, https:\/\/foodtech.ac\/wp-content\/uploads\/2025\/10\/nestle-dla-nauki-2025-768x403.jpg 768w\" sizes=\"(max-width: 1200px) 100vw, 1200px\" \/>\t\t\t\t\t\t\t\t\t\t\t\t\t\t\t<\/div>\n\t\t\t\t<\/div>\n\t\t\t\t<div class=\"elementor-element elementor-element-62bcfeb elementor-widget__width-initial elementor-widget elementor-widget-text-editor\" data-id=\"62bcfeb\" data-element_type=\"widget\" data-e-type=\"widget\" data-widget_type=\"text-editor.default\">\n\t\t\t\t<div class=\"elementor-widget-container\">\n\t\t\t\t\t\t\t\t\t<p><strong>Nestl\u00e9 Polska<\/strong> og\u0142asza II edycj\u0119 programu <strong>#NestleDlaNauki. <\/strong>Jego celem jest wsparcie polskich \u015brodowisk naukowych w tworzeniu innowacyjnych rozwi\u0105za\u0144 w obszarze \u0142a\u0144cucha \u017cywno\u015bciowego. W roku akademickim 2025\/2026 studenci i doktoranci zmierz\u0105 si\u0119 z wyzwaniami dotycz\u0105cymi zasob\u00f3w wodnych w regeneratywnym systemie \u017cywno\u015bciowym. W ramach <strong>IDEATHONU #NestleDlaNauki, <\/strong>kt\u00f3ry odb\u0119dzie si\u0119 w dniach <strong>22-23 listopada br.<\/strong> na <strong>Uniwersytecie \u0141\u00f3dzkim,<\/strong> studenci b\u0119d\u0105 pracowa\u0107 nad rozwi\u0105zaniami wspieraj\u0105cymi odpowiedzialne postawy konsumenckie.   <\/p><h2>1 pa\u017adziernika wystartowa\u0142a druga edycja programu #NestleDlaNauki<\/h2><p>Program #NestleDlaNauki sk\u0142ada si\u0119 z dw\u00f3ch filar\u00f3w: jesiennego <strong>IDEATHONU<\/strong> i <strong>grant\u00f3w<\/strong> przyznawanych wiosn\u0105 kolejnego roku. Pierwsza z tych aktywno\u015bci &#8211; <strong>IDEATHON<\/strong> odb\u0119dzie si\u0119 ju\u017c <strong>22-23 listopada 2025 roku<\/strong> w <strong>Centrum Szkoleniowo-Konferencyjnym Uniwersytetu \u0141\u00f3dzkiego.<\/strong> <\/p><p>Zg\u0142oszenia przyjmowane s\u0105 <strong>do 31 pa\u017adziernika 2025 roku<\/strong> poprzez formularz dost\u0119pny na stronie: <a class=\"decorated-link\" href=\"https:\/\/www.nestledlanauki.pl\/ideathon\" target=\"_blank\" rel=\"noopener nofollow\">www.nestledlanauki.pl\/ideathon<\/a> Organizator zaprasza zespo\u0142y licz\u0105ce <strong>2-4 student\u00f3w, <\/strong>a o ich udziale w wydarzeniu zdecyduje kolejno\u015b\u0107 zg\u0142osze\u0144.<\/p><p>Tematem IDEATHONU b\u0119dzie wypracowanie <strong>innowacyjnego rozwi\u0105zania wspieraj\u0105cego kszta\u0142towanie odpowiedzialnych zachowa\u0144 konsumenckich w kontek\u015bcie zasob\u00f3w wodnych.<\/strong> Na zwyci\u0119zc\u00f3w, kt\u00f3rzy zaprezentuj\u0105 najciekawsze pomys\u0142y, czekaj\u0105 atrakcyjne nagrody, w tym: <strong>program rozwojowy foodtech.ac oraz 10 000 z\u0142, a ponadto dwa wyr\u00f3\u017cnienia po 5 000 z\u0142.<\/strong> <\/p><p><em>&#8222;Nestl\u00e9 wspiera innowacje i rozw\u00f3j m\u0142odych talent\u00f3w w Polsce poprzez program #NestleDlaNauki, kt\u00f3rego jednym z kluczowych element\u00f3w jest IDEATHON. To wydarzenie, organizowane przez nas ju\u017c po raz drugi, daj\u0105ce studentom mo\u017cliwo\u015b\u0107 wykazania si\u0119 kreatywno\u015bci\u0105 i opracowania nowatorskich rozwi\u0105za\u0144, kt\u00f3re mog\u0105 mie\u0107 realne zastosowanie w \u0142a\u0144cuchu \u017cywno\u015bciowym. Podczas spotkania w \u0141odzi studenci b\u0119d\u0105 mogli eksperymentowa\u0107, tworzy\u0107 i rozwija\u0107 swoje pomys\u0142y pod okiem ekspert\u00f3w i praktyk\u00f3w. Wierzymy, \u017ce \u015bwie\u017ce spojrzenie jest kluczowe dla wypracowania rozwi\u0105za\u0144, kt\u00f3re wykraczaj\u0105 poza tradycyjne schematy\u201d <\/em>&#8211; m\u00f3wi <strong>Blanka Mellova, <\/strong>Koordynatorka Programu <strong>#NestleDlaNauki.<\/strong><\/p><p>Uczestnicy b\u0119d\u0105 mieli dwa dni na opracowanie swoich projekt\u00f3w. Pomys\u0142y zostan\u0105 zaprezentowane przed R<strong>ad\u0105 Programow\u0105<\/strong> z\u0142o\u017con\u0105 z ekspert\u00f3w \u015bwiata nauki i biznesu, w sk\u0142ad kt\u00f3rej wchodz\u0105: <\/p><ul><li><p>prof. Anna D\u0105browska (Szko\u0142a G\u0142\u00f3wna Handlowa w Warszawie),<\/p><\/li><li><p>prof. Krystyna Gutkowska (Szko\u0142a G\u0142\u00f3wna Gospodarstwa Wiejskiego w Warszawie),<\/p><\/li><li><p>prof. dr hab. in\u017c. Tomasz Okruszko (Szko\u0142a G\u0142\u00f3wna Gospodarstwa Wiejskiego), <\/p><\/li><li><p>prof. Katarzyna Przyby\u0142owicz (Uniwersytet Warmi\u0144sko-Mazurski w Olsztynie),<\/p><\/li><li><p>prof. Magdalena Rudzi\u0144ska (Uniwersytet Przyrodniczy w Poznaniu),<\/p><\/li><li><p>dr hab. Magdalena Urbaniak (Uniwersytet \u0141\u00f3dzki) <\/p><\/li><\/ul><p>ponadto:<\/p><ul><li><p>dr Kamil Jawgiel (Prezes Zarz\u0105du Fundacji Hydroni),<\/p><\/li><li><p>Micha\u0142 M\u0105dry (Partner foodtech.ac oraz JP Weber),<\/p><\/li><\/ul><p>z ramienia <strong>Nestl\u00e9 Polska:<\/strong><\/p><ul><li><p>Aleksander Wasilewski (Prezes Zarz\u0105du Nestl\u00e9 Polska),<\/p><\/li><li><p>Blanka Mellova (Koordynatorka Programu #NestleDlaNauki),<\/p><\/li><li><p>Agata Kruszec (Sustainability Manager Nestl\u00e9 Polska),<\/p><\/li><li><p>Rafa\u0142 Wr\u00f3blewski (Business Executive Officer Nestl\u00e9 Waters w Polsce).<\/p><\/li><\/ul><p>Wi\u0119cej informacji na <a class=\"decorated-link\" href=\"https:\/\/www.nestledlanauki.pl\" target=\"_blank\" rel=\"noopener nofollow\">www.nestledlanauki.pl<\/a><\/p><h2>O Nestl\u00e9<\/h2><p>Nestl\u00e9 jest jedn\u0105 z wiod\u0105cych firm sektora spo\u017cywczego w Polsce, z portfolio blisko <strong>1 600 produkt\u00f3w<\/strong> i <strong>prawie 70 marek, <\/strong>jest r\u00f3wnie\u017c pracodawc\u0105 <strong>dla ponad 6 000 os\u00f3b<\/strong> zatrudnionych <strong>w 8 lokalizacjach.<\/strong> W ci\u0105gu ostatnich 30 lat obecno\u015bci na polskim rynku Nestl\u00e9 sta\u0142o si\u0119 wa\u017cnym podmiotem zaanga\u017cowanym w rozw\u00f3j i innowacyjno\u015b\u0107 krajowej gospodarki oraz zaufanym partnerem dla lokalnych spo\u0142eczno\u015bci. <\/p><p>Firma nieustannie si\u0119 zmienia, k\u0142ad\u0105c nacisk <strong>na now\u0105 ofert\u0119 produktow\u0105, innowacje i zr\u00f3wnowa\u017cony rozw\u00f3j.<\/strong> Z szacunkiem rozwija znane i lubiane polskie marki, takie jak Winiary, Bobo Frut i Na\u0142\u0119czowianka. Polskim konsumentom daje dost\u0119p do uznanych mi\u0119dzynarodowych marek, jak: Gerber, Garden Gourmet, Nescaf\u00e9 czy Nespresso. W ostatnich latach firma znacz\u0105co powi\u0119kszy\u0142a swoje portfolio o <strong>suplementy diety,<\/strong> m.in.: <strong>Vital Proteins,<\/strong> <strong>Solgar, <\/strong>co odzwierciedla kierunek jej rozwoju.  <\/p><p><strong>Nestl\u00e9 Polska<\/strong> to firma oparta na wiedzy, troszcz\u0105ca si\u0119 o swoich pracownik\u00f3w, kt\u00f3rzy maj\u0105 wp\u0142yw i mog\u0105 wsp\u00f3lnie zmienia\u0107 przysz\u0142o\u015b\u0107. Swoim pracownikom daje r\u00f3\u017cnorodne mo\u017cliwo\u015bci rozwoju kariery w Polsce, jak i zagranic\u0105 w ramach jednej organizacji. <\/p><p>Nestl\u00e9 wyzwala moc jedzenia, by <strong>podnosi\u0107 jako\u015b\u0107 \u017cycia ka\u017cdego z nas oraz przysz\u0142ych pokole\u0144.<\/strong><\/p>\t\t\t\t\t\t\t\t<\/div>\n\t\t\t\t<\/div>\n\t\t\t\t<div class=\"elementor-element elementor-element-bfe9bd4 elementor-align-center elementor-widget elementor-widget-button\" data-id=\"bfe9bd4\" data-element_type=\"widget\" data-e-type=\"widget\" data-widget_type=\"button.default\">\n\t\t\t\t<div class=\"elementor-widget-container\">\n\t\t\t\t\t\t\t\t\t<div class=\"elementor-button-wrapper\">\n\t\t\t\t\t<a class=\"elementor-button elementor-button-link elementor-size-lg\" href=\"https:\/\/www.nestledlanauki.pl\/ideathon\" target=\"_blank\">\n\t\t\t\t\t\t<span class=\"elementor-button-content-wrapper\">\n\t\t\t\t\t\t\t\t\t<span class=\"elementor-button-text\">Dowiedz si\u0119 wi\u0119cej i aplikuj<\/span>\n\t\t\t\t\t<\/span>\n\t\t\t\t\t<\/a>\n\t\t\t\t<\/div>\n\t\t\t\t\t\t\t\t<\/div>\n\t\t\t\t<\/div>\n\t\t\t\t\t<\/div>\n\t\t<\/div>\n\t\t\t\t\t<\/div>\n\t\t<\/section>\n\t\t\t\t<section class=\"elementor-section elementor-top-section elementor-element elementor-element-3341f98b elementor-section-boxed elementor-section-height-default elementor-section-height-default\" data-id=\"3341f98b\" data-element_type=\"section\" data-e-type=\"section\" data-settings=\"{&quot;background_background&quot;:&quot;classic&quot;}\">\n\t\t\t\t\t\t<div class=\"elementor-container elementor-column-gap-default\">\n\t\t\t\t\t<div class=\"elementor-column elementor-col-50 elementor-top-column elementor-element elementor-element-619a3f37\" data-id=\"619a3f37\" data-element_type=\"column\" data-e-type=\"column\">\n\t\t\t<div class=\"elementor-widget-wrap elementor-element-populated\">\n\t\t\t\t\t\t<div class=\"elementor-element elementor-element-75459d9f elementor-widget elementor-widget-heading\" data-id=\"75459d9f\" data-element_type=\"widget\" data-e-type=\"widget\" data-widget_type=\"heading.default\">\n\t\t\t\t<div class=\"elementor-widget-container\">\n\t\t\t\t\t<h2 class=\"elementor-heading-title elementor-size-default\">Zapisz si\u0119 do naszego newslettera!<\/h2>\t\t\t\t<\/div>\n\t\t\t\t<\/div>\n\t\t\t\t<div class=\"elementor-element elementor-element-2c7d10bd elementor-widget elementor-widget-text-editor\" data-id=\"2c7d10bd\" data-element_type=\"widget\" data-e-type=\"widget\" data-widget_type=\"text-editor.default\">\n\t\t\t\t<div class=\"elementor-widget-container\">\n\t\t\t\t\t\t\t\t\t<p>B\u0105d\u017a na bie\u017c\u0105co z najnowszymi wiadomo\u015bciami o rynku i startupach foodtech. Jako pierwszy dowiedz si\u0119 o nowych inwestycjach, raportach, naszych wydarzeniach i nowo\u015bciach w portfolio. Otrzymuj najciekawsze wie\u015bci z foodtech.ac Family prosto na swoj\u0105 skrzynk\u0119 mailow\u0105!<\/p>\t\t\t\t\t\t\t\t<\/div>\n\t\t\t\t<\/div>\n\t\t\t\t\t<\/div>\n\t\t<\/div>\n\t\t\t\t<div class=\"elementor-column elementor-col-50 elementor-top-column elementor-element elementor-element-2c29eac9\" data-id=\"2c29eac9\" data-element_type=\"column\" data-e-type=\"column\">\n\t\t\t<div class=\"elementor-widget-wrap elementor-element-populated\">\n\t\t\t\t\t\t<div class=\"elementor-element elementor-element-1f4b2333 elementor-widget elementor-widget-shortcode\" data-id=\"1f4b2333\" data-element_type=\"widget\" data-e-type=\"widget\" data-widget_type=\"shortcode.default\">\n\t\t\t\t<div class=\"elementor-widget-container\">\n\t\t\t\t\t\t\t<div class=\"elementor-shortcode\"><script>(function() {\n\twindow.mc4wp = window.mc4wp || {\n\t\tlisteners: [],\n\t\tforms: {\n\t\t\ton: function(evt, cb) {\n\t\t\t\twindow.mc4wp.listeners.push(\n\t\t\t\t\t{\n\t\t\t\t\t\tevent   : evt,\n\t\t\t\t\t\tcallback: cb\n\t\t\t\t\t}\n\t\t\t\t);\n\t\t\t}\n\t\t}\n\t}\n})();\n<\/script><!-- Mailchimp for WordPress v4.12.2 - https:\/\/wordpress.org\/plugins\/mailchimp-for-wp\/ --><form id=\"mc4wp-form-1\" class=\"mc4wp-form mc4wp-form-2121 mc4wp-form-basic\" method=\"post\" data-id=\"2121\" data-name=\"Newsletter\" ><div class=\"mc4wp-form-fields\"><p><input style=\"display: block; width: 100%!important; box-sizing: border-box; border-radius: 0; background-color: #FFFFFF; border-color: #FFFFFF; color: #000000\" type=\"email\" name=\"EMAIL\" placeholder=\"Enter your e-mail\" required \/><\/p>\r\n<p><input style=\"width: 100%; background: none; border: 3px solid; color: #FFFFFF; font-size: 18px; border-radius: 0px; font-family: Poppins; font-weight: 400\" type=\"submit\" value=\"Subscribe\" \/><\/p><\/div><label style=\"display: none !important;\">Pozostaw to pole puste, je\u015bli jeste\u015b cz\u0142owiekiem: <input type=\"text\" name=\"_mc4wp_honeypot\" value=\"\" tabindex=\"-1\" autocomplete=\"off\" \/><\/label><input type=\"hidden\" name=\"_mc4wp_timestamp\" value=\"1777224950\" \/><input type=\"hidden\" name=\"_mc4wp_form_id\" value=\"2121\" \/><input type=\"hidden\" name=\"_mc4wp_form_element_id\" value=\"mc4wp-form-1\" \/><div class=\"mc4wp-response\"><\/div><\/form><!-- \/ Mailchimp for WordPress Plugin --><\/div>\n\t\t\t\t\t\t<\/div>\n\t\t\t\t<\/div>\n\t\t\t\t<div class=\"elementor-element elementor-element-9710bb1 elementor-shape-square elementor-grid-0 e-grid-align-center elementor-widget elementor-widget-social-icons\" data-id=\"9710bb1\" data-element_type=\"widget\" data-e-type=\"widget\" data-widget_type=\"social-icons.default\">\n\t\t\t\t<div class=\"elementor-widget-container\">\n\t\t\t\t\t\t\t<div class=\"elementor-social-icons-wrapper elementor-grid\" role=\"list\">\n\t\t\t\t\t\t\t<span class=\"elementor-grid-item\" role=\"listitem\">\n\t\t\t\t\t<a class=\"elementor-icon elementor-social-icon elementor-social-icon-facebook elementor-repeater-item-b1e5999\" href=\"https:\/\/www.facebook.com\/foodtechac\" target=\"_blank\">\n\t\t\t\t\t\t<span class=\"elementor-screen-only\">Facebook<\/span>\n\t\t\t\t\t\t<i aria-hidden=\"true\" class=\"fab fa-facebook\"><\/i>\t\t\t\t\t<\/a>\n\t\t\t\t<\/span>\n\t\t\t\t\t\t\t<span class=\"elementor-grid-item\" role=\"listitem\">\n\t\t\t\t\t<a class=\"elementor-icon elementor-social-icon elementor-social-icon-instagram elementor-repeater-item-860c206\" href=\"https:\/\/www.instagram.com\/foodtech.ac\/\" target=\"_blank\">\n\t\t\t\t\t\t<span class=\"elementor-screen-only\">Instagram<\/span>\n\t\t\t\t\t\t<i aria-hidden=\"true\" class=\"fab fa-instagram\"><\/i>\t\t\t\t\t<\/a>\n\t\t\t\t<\/span>\n\t\t\t\t\t\t\t<span class=\"elementor-grid-item\" role=\"listitem\">\n\t\t\t\t\t<a class=\"elementor-icon elementor-social-icon elementor-social-icon-linkedin elementor-repeater-item-e9212bc\" href=\"https:\/\/www.linkedin.com\/company\/foodtechac\/\" target=\"_blank\">\n\t\t\t\t\t\t<span class=\"elementor-screen-only\">Linkedin<\/span>\n\t\t\t\t\t\t<i aria-hidden=\"true\" class=\"fab fa-linkedin\"><\/i>\t\t\t\t\t<\/a>\n\t\t\t\t<\/span>\n\t\t\t\t\t\t\t<span class=\"elementor-grid-item\" role=\"listitem\">\n\t\t\t\t\t<a class=\"elementor-icon elementor-social-icon elementor-social-icon-youtube elementor-repeater-item-e33d267\" href=\"https:\/\/www.youtube.com\/@foodtechac\" target=\"_blank\">\n\t\t\t\t\t\t<span class=\"elementor-screen-only\">Youtube<\/span>\n\t\t\t\t\t\t<i aria-hidden=\"true\" class=\"fab fa-youtube\"><\/i>\t\t\t\t\t<\/a>\n\t\t\t\t<\/span>\n\t\t\t\t\t<\/div>\n\t\t\t\t\t\t<\/div>\n\t\t\t\t<\/div>\n\t\t\t\t\t<\/div>\n\t\t<\/div>\n\t\t\t\t\t<\/div>\n\t\t<\/section>\n\t\t\t\t<\/div>\n\t\t","protected":false},"excerpt":{"rendered":"<p>Nestl\u00e9 Polska og\u0142asza II edycj\u0119 programu #NestleDlaNauki. Jego celem jest wsparcie polskich \u015brodowisk naukowych w tworzeniu innowacyjnych rozwi\u0105za\u0144 w obszarze \u0142a\u0144cucha \u017cywno\u015bciowego. W roku akademickim 2025\/2026 studenci i doktoranci zmierz\u0105 si\u0119 z wyzwaniami dotycz\u0105cymi zasob\u00f3w wodnych w regeneratywnym systemie \u017cywno\u015bciowym. W ramach IDEATHONU #NestleDlaNauki, kt\u00f3ry odb\u0119dzie si\u0119 w dniach 22-23 listopada br. na Uniwersytecie \u0141\u00f3dzkim,&hellip;&nbsp;<a href=\"https:\/\/foodtech.ac\/pl\/wystartowala-druga-edycja-programu-nestledlanauki-inicjatywy-wspierajacej-mlodych-badaczy-innowatorow\/\" rel=\"bookmark\">Dowiedz si\u0119 wi\u0119cej &raquo;<span class=\"screen-reader-text\">Wystartowa\u0142a druga edycja programu #NestleDlaNauki &#8211; inicjatywy wspieraj\u0105cej m\u0142odych badaczy i innowator\u00f3w<\/span><\/a><\/p>\n","protected":false},"author":1,"featured_media":5243,"comment_status":"closed","ping_status":"open","sticky":false,"template":"","format":"standard","meta":{"neve_meta_sidebar":"","neve_meta_container":"","neve_meta_enable_content_width":"","neve_meta_content_width":0,"neve_meta_title_alignment":"","neve_meta_author_avatar":"","neve_post_elements_order":"","neve_meta_disable_header":"","neve_meta_disable_footer":"","neve_meta_disable_title":"","footnotes":""},"categories":[24],"tags":[],"class_list":["post-5256","post","type-post","status-publish","format-standard","has-post-thumbnail","hentry","category-programy"],"yoast_head":"<!-- This site is optimized with the Yoast SEO plugin v27.4 - https:\/\/yoast.com\/product\/yoast-seo-wordpress\/ -->\n<title>Wystartowa\u0142a druga edycja programu #NestleDlaNauki - inicjatywy wspieraj\u0105cej m\u0142odych badaczy i innowator\u00f3w<\/title>\n<meta name=\"description\" content=\"Nestl\u00e9 Polska og\u0142asza II edycj\u0119 programu #NestleDlaNauki. Jego celem jest wsparcie polskich \u015brodowisk naukowych w tworzeniu innowacyjnych rozwi\u0105za\u0144 w obszarze \u0142a\u0144cucha \u017cywno\u015bciowego. W roku akademickim 2025\/2026 studenci i doktoranci zmierz\u0105 si\u0119 z wyzwaniami dotycz\u0105cymi zasob\u00f3w wodnych w regeneratywnym systemie \u017cywno\u015bciowym.\" \/>\n<meta name=\"robots\" content=\"index, follow, max-snippet:-1, max-image-preview:large, max-video-preview:-1\" \/>\n<link rel=\"canonical\" href=\"https:\/\/foodtech.ac\/pl\/wystartowala-druga-edycja-programu-nestledlanauki-inicjatywy-wspierajacej-mlodych-badaczy-innowatorow\/\" \/>\n<meta property=\"og:locale\" content=\"pl_PL\" \/>\n<meta property=\"og:type\" content=\"article\" \/>\n<meta property=\"og:title\" content=\"Wystartowa\u0142a druga edycja programu #NestleDlaNauki - inicjatywy wspieraj\u0105cej m\u0142odych badaczy i innowator\u00f3w\" \/>\n<meta property=\"og:description\" content=\"Nestl\u00e9 Polska og\u0142asza II edycj\u0119 programu #NestleDlaNauki. Jego celem jest wsparcie polskich \u015brodowisk naukowych w tworzeniu innowacyjnych rozwi\u0105za\u0144 w obszarze \u0142a\u0144cucha \u017cywno\u015bciowego. W roku akademickim 2025\/2026 studenci i doktoranci zmierz\u0105 si\u0119 z wyzwaniami dotycz\u0105cymi zasob\u00f3w wodnych w regeneratywnym systemie \u017cywno\u015bciowym.\" \/>\n<meta property=\"og:url\" content=\"https:\/\/foodtech.ac\/pl\/wystartowala-druga-edycja-programu-nestledlanauki-inicjatywy-wspierajacej-mlodych-badaczy-innowatorow\/\" \/>\n<meta property=\"og:site_name\" content=\"foodtech.ac\" \/>\n<meta property=\"article:published_time\" content=\"2025-10-07T10:30:51+00:00\" \/>\n<meta property=\"article:modified_time\" content=\"2025-10-22T06:42:59+00:00\" \/>\n<meta property=\"og:image\" content=\"https:\/\/foodtech.ac\/wp-content\/uploads\/2025\/10\/nestle-dla-nauki-2025-1024x538.jpg\" \/>\n<meta name=\"author\" content=\"Piotr Grabowski\" \/>\n<meta name=\"twitter:card\" content=\"summary_large_image\" \/>\n<meta name=\"twitter:image\" content=\"https:\/\/foodtech.ac\/wp-content\/uploads\/2025\/10\/nestle-dla-nauki-2025-1024x538.jpg\" \/>\n<meta name=\"twitter:label1\" content=\"Napisane przez\" \/>\n\t<meta name=\"twitter:data1\" content=\"Piotr Grabowski\" \/>\n\t<meta name=\"twitter:label2\" content=\"Szacowany czas czytania\" \/>\n\t<meta name=\"twitter:data2\" content=\"4 minuty\" \/>\n<script type=\"application\/ld+json\" class=\"yoast-schema-graph\">{\"@context\":\"https:\\\/\\\/schema.org\",\"@graph\":[{\"@type\":\"Article\",\"@id\":\"https:\\\/\\\/foodtech.ac\\\/pl\\\/wystartowala-druga-edycja-programu-nestledlanauki-inicjatywy-wspierajacej-mlodych-badaczy-innowatorow\\\/#article\",\"isPartOf\":{\"@id\":\"https:\\\/\\\/foodtech.ac\\\/pl\\\/wystartowala-druga-edycja-programu-nestledlanauki-inicjatywy-wspierajacej-mlodych-badaczy-innowatorow\\\/\"},\"author\":{\"name\":\"Piotr Grabowski\",\"@id\":\"https:\\\/\\\/foodtech.ac\\\/pl\\\/#\\\/schema\\\/person\\\/834745d71ad214c930536a3e8223c08a\"},\"headline\":\"Wystartowa\u0142a druga edycja programu #NestleDlaNauki &#8211; inicjatywy wspieraj\u0105cej m\u0142odych badaczy i innowator\u00f3w\",\"datePublished\":\"2025-10-07T10:30:51+00:00\",\"dateModified\":\"2025-10-22T06:42:59+00:00\",\"mainEntityOfPage\":{\"@id\":\"https:\\\/\\\/foodtech.ac\\\/pl\\\/wystartowala-druga-edycja-programu-nestledlanauki-inicjatywy-wspierajacej-mlodych-badaczy-innowatorow\\\/\"},\"wordCount\":741,\"image\":{\"@id\":\"https:\\\/\\\/foodtech.ac\\\/pl\\\/wystartowala-druga-edycja-programu-nestledlanauki-inicjatywy-wspierajacej-mlodych-badaczy-innowatorow\\\/#primaryimage\"},\"thumbnailUrl\":\"https:\\\/\\\/foodtech.ac\\\/wp-content\\\/uploads\\\/2025\\\/10\\\/nestle-dla-nauki-2025-cover.jpg\",\"articleSection\":[\"Programy\"],\"inLanguage\":\"pl-PL\"},{\"@type\":\"WebPage\",\"@id\":\"https:\\\/\\\/foodtech.ac\\\/pl\\\/wystartowala-druga-edycja-programu-nestledlanauki-inicjatywy-wspierajacej-mlodych-badaczy-innowatorow\\\/\",\"url\":\"https:\\\/\\\/foodtech.ac\\\/pl\\\/wystartowala-druga-edycja-programu-nestledlanauki-inicjatywy-wspierajacej-mlodych-badaczy-innowatorow\\\/\",\"name\":\"Wystartowa\u0142a druga edycja programu #NestleDlaNauki - inicjatywy wspieraj\u0105cej m\u0142odych badaczy i innowator\u00f3w\",\"isPartOf\":{\"@id\":\"https:\\\/\\\/foodtech.ac\\\/pl\\\/#website\"},\"primaryImageOfPage\":{\"@id\":\"https:\\\/\\\/foodtech.ac\\\/pl\\\/wystartowala-druga-edycja-programu-nestledlanauki-inicjatywy-wspierajacej-mlodych-badaczy-innowatorow\\\/#primaryimage\"},\"image\":{\"@id\":\"https:\\\/\\\/foodtech.ac\\\/pl\\\/wystartowala-druga-edycja-programu-nestledlanauki-inicjatywy-wspierajacej-mlodych-badaczy-innowatorow\\\/#primaryimage\"},\"thumbnailUrl\":\"https:\\\/\\\/foodtech.ac\\\/wp-content\\\/uploads\\\/2025\\\/10\\\/nestle-dla-nauki-2025-cover.jpg\",\"datePublished\":\"2025-10-07T10:30:51+00:00\",\"dateModified\":\"2025-10-22T06:42:59+00:00\",\"author\":{\"@id\":\"https:\\\/\\\/foodtech.ac\\\/pl\\\/#\\\/schema\\\/person\\\/834745d71ad214c930536a3e8223c08a\"},\"description\":\"Nestl\u00e9 Polska og\u0142asza II edycj\u0119 programu #NestleDlaNauki. Jego celem jest wsparcie polskich \u015brodowisk naukowych w tworzeniu innowacyjnych rozwi\u0105za\u0144 w obszarze \u0142a\u0144cucha \u017cywno\u015bciowego. W roku akademickim 2025\\\/2026 studenci i doktoranci zmierz\u0105 si\u0119 z wyzwaniami dotycz\u0105cymi zasob\u00f3w wodnych w regeneratywnym systemie \u017cywno\u015bciowym.\",\"breadcrumb\":{\"@id\":\"https:\\\/\\\/foodtech.ac\\\/pl\\\/wystartowala-druga-edycja-programu-nestledlanauki-inicjatywy-wspierajacej-mlodych-badaczy-innowatorow\\\/#breadcrumb\"},\"inLanguage\":\"pl-PL\",\"potentialAction\":[{\"@type\":\"ReadAction\",\"target\":[\"https:\\\/\\\/foodtech.ac\\\/pl\\\/wystartowala-druga-edycja-programu-nestledlanauki-inicjatywy-wspierajacej-mlodych-badaczy-innowatorow\\\/\"]}]},{\"@type\":\"ImageObject\",\"inLanguage\":\"pl-PL\",\"@id\":\"https:\\\/\\\/foodtech.ac\\\/pl\\\/wystartowala-druga-edycja-programu-nestledlanauki-inicjatywy-wspierajacej-mlodych-badaczy-innowatorow\\\/#primaryimage\",\"url\":\"https:\\\/\\\/foodtech.ac\\\/wp-content\\\/uploads\\\/2025\\\/10\\\/nestle-dla-nauki-2025-cover.jpg\",\"contentUrl\":\"https:\\\/\\\/foodtech.ac\\\/wp-content\\\/uploads\\\/2025\\\/10\\\/nestle-dla-nauki-2025-cover.jpg\",\"width\":930,\"height\":620,\"caption\":\"#NestleDlaNauki\"},{\"@type\":\"BreadcrumbList\",\"@id\":\"https:\\\/\\\/foodtech.ac\\\/pl\\\/wystartowala-druga-edycja-programu-nestledlanauki-inicjatywy-wspierajacej-mlodych-badaczy-innowatorow\\\/#breadcrumb\",\"itemListElement\":[{\"@type\":\"ListItem\",\"position\":1,\"name\":\"Strona g\u0142\u00f3wna\",\"item\":\"https:\\\/\\\/foodtech.ac\\\/pl\\\/strona-glowna\\\/\"},{\"@type\":\"ListItem\",\"position\":2,\"name\":\"Wystartowa\u0142a druga edycja programu #NestleDlaNauki &#8211; inicjatywy wspieraj\u0105cej m\u0142odych badaczy i innowator\u00f3w\"}]},{\"@type\":\"WebSite\",\"@id\":\"https:\\\/\\\/foodtech.ac\\\/pl\\\/#website\",\"url\":\"https:\\\/\\\/foodtech.ac\\\/pl\\\/\",\"name\":\"foodtech.ac\",\"description\":\"\",\"potentialAction\":[{\"@type\":\"SearchAction\",\"target\":{\"@type\":\"EntryPoint\",\"urlTemplate\":\"https:\\\/\\\/foodtech.ac\\\/pl\\\/?s={search_term_string}\"},\"query-input\":{\"@type\":\"PropertyValueSpecification\",\"valueRequired\":true,\"valueName\":\"search_term_string\"}}],\"inLanguage\":\"pl-PL\"},{\"@type\":\"Person\",\"@id\":\"https:\\\/\\\/foodtech.ac\\\/pl\\\/#\\\/schema\\\/person\\\/834745d71ad214c930536a3e8223c08a\",\"name\":\"Piotr Grabowski\",\"image\":{\"@type\":\"ImageObject\",\"inLanguage\":\"pl-PL\",\"@id\":\"https:\\\/\\\/secure.gravatar.com\\\/avatar\\\/9bcaf2219e31ff2f54ae6144caa975bf91aac6bf6b203140b9265102dba2b0eb?s=96&d=mm&r=g\",\"url\":\"https:\\\/\\\/secure.gravatar.com\\\/avatar\\\/9bcaf2219e31ff2f54ae6144caa975bf91aac6bf6b203140b9265102dba2b0eb?s=96&d=mm&r=g\",\"contentUrl\":\"https:\\\/\\\/secure.gravatar.com\\\/avatar\\\/9bcaf2219e31ff2f54ae6144caa975bf91aac6bf6b203140b9265102dba2b0eb?s=96&d=mm&r=g\",\"caption\":\"Piotr Grabowski\"},\"url\":\"https:\\\/\\\/foodtech.ac\\\/pl\\\/author\\\/piotr-grabowski\\\/\"}]}<\/script>\n<!-- \/ Yoast SEO plugin. -->","yoast_head_json":{"title":"Wystartowa\u0142a druga edycja programu #NestleDlaNauki - inicjatywy wspieraj\u0105cej m\u0142odych badaczy i innowator\u00f3w","description":"Nestl\u00e9 Polska og\u0142asza II edycj\u0119 programu #NestleDlaNauki. Jego celem jest wsparcie polskich \u015brodowisk naukowych w tworzeniu innowacyjnych rozwi\u0105za\u0144 w obszarze \u0142a\u0144cucha \u017cywno\u015bciowego. W roku akademickim 2025\/2026 studenci i doktoranci zmierz\u0105 si\u0119 z wyzwaniami dotycz\u0105cymi zasob\u00f3w wodnych w regeneratywnym systemie \u017cywno\u015bciowym.","robots":{"index":"index","follow":"follow","max-snippet":"max-snippet:-1","max-image-preview":"max-image-preview:large","max-video-preview":"max-video-preview:-1"},"canonical":"https:\/\/foodtech.ac\/pl\/wystartowala-druga-edycja-programu-nestledlanauki-inicjatywy-wspierajacej-mlodych-badaczy-innowatorow\/","og_locale":"pl_PL","og_type":"article","og_title":"Wystartowa\u0142a druga edycja programu #NestleDlaNauki - inicjatywy wspieraj\u0105cej m\u0142odych badaczy i innowator\u00f3w","og_description":"Nestl\u00e9 Polska og\u0142asza II edycj\u0119 programu #NestleDlaNauki. Jego celem jest wsparcie polskich \u015brodowisk naukowych w tworzeniu innowacyjnych rozwi\u0105za\u0144 w obszarze \u0142a\u0144cucha \u017cywno\u015bciowego. W roku akademickim 2025\/2026 studenci i doktoranci zmierz\u0105 si\u0119 z wyzwaniami dotycz\u0105cymi zasob\u00f3w wodnych w regeneratywnym systemie \u017cywno\u015bciowym.","og_url":"https:\/\/foodtech.ac\/pl\/wystartowala-druga-edycja-programu-nestledlanauki-inicjatywy-wspierajacej-mlodych-badaczy-innowatorow\/","og_site_name":"foodtech.ac","article_published_time":"2025-10-07T10:30:51+00:00","article_modified_time":"2025-10-22T06:42:59+00:00","og_image":[{"url":"https:\/\/foodtech.ac\/wp-content\/uploads\/2025\/10\/nestle-dla-nauki-2025-1024x538.jpg","type":"","width":"","height":""}],"author":"Piotr Grabowski","twitter_card":"summary_large_image","twitter_image":"https:\/\/foodtech.ac\/wp-content\/uploads\/2025\/10\/nestle-dla-nauki-2025-1024x538.jpg","twitter_misc":{"Napisane przez":"Piotr Grabowski","Szacowany czas czytania":"4 minuty"},"schema":{"@context":"https:\/\/schema.org","@graph":[{"@type":"Article","@id":"https:\/\/foodtech.ac\/pl\/wystartowala-druga-edycja-programu-nestledlanauki-inicjatywy-wspierajacej-mlodych-badaczy-innowatorow\/#article","isPartOf":{"@id":"https:\/\/foodtech.ac\/pl\/wystartowala-druga-edycja-programu-nestledlanauki-inicjatywy-wspierajacej-mlodych-badaczy-innowatorow\/"},"author":{"name":"Piotr Grabowski","@id":"https:\/\/foodtech.ac\/pl\/#\/schema\/person\/834745d71ad214c930536a3e8223c08a"},"headline":"Wystartowa\u0142a druga edycja programu #NestleDlaNauki &#8211; inicjatywy wspieraj\u0105cej m\u0142odych badaczy i innowator\u00f3w","datePublished":"2025-10-07T10:30:51+00:00","dateModified":"2025-10-22T06:42:59+00:00","mainEntityOfPage":{"@id":"https:\/\/foodtech.ac\/pl\/wystartowala-druga-edycja-programu-nestledlanauki-inicjatywy-wspierajacej-mlodych-badaczy-innowatorow\/"},"wordCount":741,"image":{"@id":"https:\/\/foodtech.ac\/pl\/wystartowala-druga-edycja-programu-nestledlanauki-inicjatywy-wspierajacej-mlodych-badaczy-innowatorow\/#primaryimage"},"thumbnailUrl":"https:\/\/foodtech.ac\/wp-content\/uploads\/2025\/10\/nestle-dla-nauki-2025-cover.jpg","articleSection":["Programy"],"inLanguage":"pl-PL"},{"@type":"WebPage","@id":"https:\/\/foodtech.ac\/pl\/wystartowala-druga-edycja-programu-nestledlanauki-inicjatywy-wspierajacej-mlodych-badaczy-innowatorow\/","url":"https:\/\/foodtech.ac\/pl\/wystartowala-druga-edycja-programu-nestledlanauki-inicjatywy-wspierajacej-mlodych-badaczy-innowatorow\/","name":"Wystartowa\u0142a druga edycja programu #NestleDlaNauki - inicjatywy wspieraj\u0105cej m\u0142odych badaczy i innowator\u00f3w","isPartOf":{"@id":"https:\/\/foodtech.ac\/pl\/#website"},"primaryImageOfPage":{"@id":"https:\/\/foodtech.ac\/pl\/wystartowala-druga-edycja-programu-nestledlanauki-inicjatywy-wspierajacej-mlodych-badaczy-innowatorow\/#primaryimage"},"image":{"@id":"https:\/\/foodtech.ac\/pl\/wystartowala-druga-edycja-programu-nestledlanauki-inicjatywy-wspierajacej-mlodych-badaczy-innowatorow\/#primaryimage"},"thumbnailUrl":"https:\/\/foodtech.ac\/wp-content\/uploads\/2025\/10\/nestle-dla-nauki-2025-cover.jpg","datePublished":"2025-10-07T10:30:51+00:00","dateModified":"2025-10-22T06:42:59+00:00","author":{"@id":"https:\/\/foodtech.ac\/pl\/#\/schema\/person\/834745d71ad214c930536a3e8223c08a"},"description":"Nestl\u00e9 Polska og\u0142asza II edycj\u0119 programu #NestleDlaNauki. Jego celem jest wsparcie polskich \u015brodowisk naukowych w tworzeniu innowacyjnych rozwi\u0105za\u0144 w obszarze \u0142a\u0144cucha \u017cywno\u015bciowego. W roku akademickim 2025\/2026 studenci i doktoranci zmierz\u0105 si\u0119 z wyzwaniami dotycz\u0105cymi zasob\u00f3w wodnych w regeneratywnym systemie \u017cywno\u015bciowym.","breadcrumb":{"@id":"https:\/\/foodtech.ac\/pl\/wystartowala-druga-edycja-programu-nestledlanauki-inicjatywy-wspierajacej-mlodych-badaczy-innowatorow\/#breadcrumb"},"inLanguage":"pl-PL","potentialAction":[{"@type":"ReadAction","target":["https:\/\/foodtech.ac\/pl\/wystartowala-druga-edycja-programu-nestledlanauki-inicjatywy-wspierajacej-mlodych-badaczy-innowatorow\/"]}]},{"@type":"ImageObject","inLanguage":"pl-PL","@id":"https:\/\/foodtech.ac\/pl\/wystartowala-druga-edycja-programu-nestledlanauki-inicjatywy-wspierajacej-mlodych-badaczy-innowatorow\/#primaryimage","url":"https:\/\/foodtech.ac\/wp-content\/uploads\/2025\/10\/nestle-dla-nauki-2025-cover.jpg","contentUrl":"https:\/\/foodtech.ac\/wp-content\/uploads\/2025\/10\/nestle-dla-nauki-2025-cover.jpg","width":930,"height":620,"caption":"#NestleDlaNauki"},{"@type":"BreadcrumbList","@id":"https:\/\/foodtech.ac\/pl\/wystartowala-druga-edycja-programu-nestledlanauki-inicjatywy-wspierajacej-mlodych-badaczy-innowatorow\/#breadcrumb","itemListElement":[{"@type":"ListItem","position":1,"name":"Strona g\u0142\u00f3wna","item":"https:\/\/foodtech.ac\/pl\/strona-glowna\/"},{"@type":"ListItem","position":2,"name":"Wystartowa\u0142a druga edycja programu #NestleDlaNauki &#8211; inicjatywy wspieraj\u0105cej m\u0142odych badaczy i innowator\u00f3w"}]},{"@type":"WebSite","@id":"https:\/\/foodtech.ac\/pl\/#website","url":"https:\/\/foodtech.ac\/pl\/","name":"foodtech.ac","description":"","potentialAction":[{"@type":"SearchAction","target":{"@type":"EntryPoint","urlTemplate":"https:\/\/foodtech.ac\/pl\/?s={search_term_string}"},"query-input":{"@type":"PropertyValueSpecification","valueRequired":true,"valueName":"search_term_string"}}],"inLanguage":"pl-PL"},{"@type":"Person","@id":"https:\/\/foodtech.ac\/pl\/#\/schema\/person\/834745d71ad214c930536a3e8223c08a","name":"Piotr Grabowski","image":{"@type":"ImageObject","inLanguage":"pl-PL","@id":"https:\/\/secure.gravatar.com\/avatar\/9bcaf2219e31ff2f54ae6144caa975bf91aac6bf6b203140b9265102dba2b0eb?s=96&d=mm&r=g","url":"https:\/\/secure.gravatar.com\/avatar\/9bcaf2219e31ff2f54ae6144caa975bf91aac6bf6b203140b9265102dba2b0eb?s=96&d=mm&r=g","contentUrl":"https:\/\/secure.gravatar.com\/avatar\/9bcaf2219e31ff2f54ae6144caa975bf91aac6bf6b203140b9265102dba2b0eb?s=96&d=mm&r=g","caption":"Piotr Grabowski"},"url":"https:\/\/foodtech.ac\/pl\/author\/piotr-grabowski\/"}]}},"_links":{"self":[{"href":"https:\/\/foodtech.ac\/pl\/wp-json\/wp\/v2\/posts\/5256","targetHints":{"allow":["GET"]}}],"collection":[{"href":"https:\/\/foodtech.ac\/pl\/wp-json\/wp\/v2\/posts"}],"about":[{"href":"https:\/\/foodtech.ac\/pl\/wp-json\/wp\/v2\/types\/post"}],"author":[{"embeddable":true,"href":"https:\/\/foodtech.ac\/pl\/wp-json\/wp\/v2\/users\/1"}],"replies":[{"embeddable":true,"href":"https:\/\/foodtech.ac\/pl\/wp-json\/wp\/v2\/comments?post=5256"}],"version-history":[{"count":1,"href":"https:\/\/foodtech.ac\/pl\/wp-json\/wp\/v2\/posts\/5256\/revisions"}],"predecessor-version":[{"id":5257,"href":"https:\/\/foodtech.ac\/pl\/wp-json\/wp\/v2\/posts\/5256\/revisions\/5257"}],"wp:featuredmedia":[{"embeddable":true,"href":"https:\/\/foodtech.ac\/pl\/wp-json\/wp\/v2\/media\/5243"}],"wp:attachment":[{"href":"https:\/\/foodtech.ac\/pl\/wp-json\/wp\/v2\/media?parent=5256"}],"wp:term":[{"taxonomy":"category","embeddable":true,"href":"https:\/\/foodtech.ac\/pl\/wp-json\/wp\/v2\/categories?post=5256"},{"taxonomy":"post_tag","embeddable":true,"href":"https:\/\/foodtech.ac\/pl\/wp-json\/wp\/v2\/tags?post=5256"}],"curies":[{"name":"wp","href":"https:\/\/api.w.org\/{rel}","templated":true}]}}