{"id":5278,"date":"2025-10-24T00:30:14","date_gmt":"2025-10-23T22:30:14","guid":{"rendered":"https:\/\/foodtech.ac\/swieze-newsy-od-foodtech-ac-pazdziernik-2025\/"},"modified":"2025-10-24T01:27:27","modified_gmt":"2025-10-23T23:27:27","slug":"swieze-newsy-od-foodtech-ac-pazdziernik-2025","status":"publish","type":"post","link":"https:\/\/foodtech.ac\/pl\/swieze-newsy-od-foodtech-ac-pazdziernik-2025\/","title":{"rendered":"\u015awie\u017ce newsy od foodtech.ac &#8211; Pa\u017adziernik 2025"},"content":{"rendered":"\t\t<div data-elementor-type=\"wp-post\" data-elementor-id=\"5278\" class=\"elementor elementor-5278 elementor-5258\">\n\t\t\t\t\t\t<section class=\"elementor-section elementor-top-section elementor-element elementor-element-8e005bc elementor-section-boxed elementor-section-height-default elementor-section-height-default\" data-id=\"8e005bc\" data-element_type=\"section\" data-e-type=\"section\">\n\t\t\t\t\t\t<div class=\"elementor-container elementor-column-gap-default\">\n\t\t\t\t\t<div class=\"elementor-column elementor-col-100 elementor-top-column elementor-element elementor-element-d178f99\" data-id=\"d178f99\" data-element_type=\"column\" data-e-type=\"column\">\n\t\t\t<div class=\"elementor-widget-wrap elementor-element-populated\">\n\t\t\t\t\t\t<div class=\"elementor-element elementor-element-eb48d16 elementor-widget elementor-widget-heading\" data-id=\"eb48d16\" data-element_type=\"widget\" data-e-type=\"widget\" data-widget_type=\"heading.default\">\n\t\t\t\t<div class=\"elementor-widget-container\">\n\t\t\t\t\t<h2 class=\"elementor-heading-title elementor-size-default\">From Start-to-Table - foodtechowa akceleracja w Lizbonie<\/h2>\t\t\t\t<\/div>\n\t\t\t\t<\/div>\n\t\t\t\t<div class=\"elementor-element elementor-element-6fde262 elementor-widget elementor-widget-image\" data-id=\"6fde262\" data-element_type=\"widget\" data-e-type=\"widget\" data-widget_type=\"image.default\">\n\t\t\t\t<div class=\"elementor-widget-container\">\n\t\t\t\t\t\t\t\t\t\t\t\t\t\t\t<img fetchpriority=\"high\" decoding=\"async\" width=\"1200\" height=\"630\" src=\"https:\/\/foodtech.ac\/wp-content\/uploads\/2025\/10\/from-start-to-table.jpg\" class=\"attachment-full size-full wp-image-5216\" alt=\"From Start-to-Table\" srcset=\"https:\/\/foodtech.ac\/wp-content\/uploads\/2025\/10\/from-start-to-table.jpg 1200w, https:\/\/foodtech.ac\/wp-content\/uploads\/2025\/10\/from-start-to-table-300x158.jpg 300w, https:\/\/foodtech.ac\/wp-content\/uploads\/2025\/10\/from-start-to-table-1024x538.jpg 1024w, https:\/\/foodtech.ac\/wp-content\/uploads\/2025\/10\/from-start-to-table-768x403.jpg 768w\" sizes=\"(max-width: 1200px) 100vw, 1200px\" \/>\t\t\t\t\t\t\t\t\t\t\t\t\t\t\t<\/div>\n\t\t\t\t<\/div>\n\t\t\t\t<div class=\"elementor-element elementor-element-e7d3dca elementor-widget elementor-widget-text-editor\" data-id=\"e7d3dca\" data-element_type=\"widget\" data-e-type=\"widget\" data-widget_type=\"text-editor.default\">\n\t\t\t\t<div class=\"elementor-widget-container\">\n\t\t\t\t\t\t\t\t\t<p>Program akceleracyjny <a href=\"https:\/\/www.fromstart-to-table.com\/\" target=\"_blank\" rel=\"noopener\">From Start-to-Table<\/a> organizowany przez Unicorn Factory Lisboa to szansa dla startup\u00f3w z obszaru foodtech i agritech <strong>na pilota\u017ce u du\u017cych partner\u00f3w<\/strong> z Portugalii, takich jak:<\/p><ul><li><strong>Delta Caf\u00e9s<\/strong> &#8211; najwi\u0119kszy portugalski producent kawy, szukaj\u0105cy nowych technologii,<\/li><li><strong>Sogrape<\/strong> &#8211; producent wina zainteresowany innowacyjnymi produktami i modelami biznesowymi.<\/li><\/ul><p>Program jest hybrydowy, a aplikacje s\u0105 otwarte 26 pa\u017adziernika 2025.<\/p>\t\t\t\t\t\t\t\t<\/div>\n\t\t\t\t<\/div>\n\t\t\t\t<div class=\"elementor-element elementor-element-bfe9bd4 elementor-align-center elementor-widget elementor-widget-button\" data-id=\"bfe9bd4\" data-element_type=\"widget\" data-e-type=\"widget\" data-widget_type=\"button.default\">\n\t\t\t\t<div class=\"elementor-widget-container\">\n\t\t\t\t\t\t\t\t\t<div class=\"elementor-button-wrapper\">\n\t\t\t\t\t<a class=\"elementor-button elementor-button-link elementor-size-lg\" href=\"https:\/\/www.fromstart-to-table.com\/\" target=\"_blank\">\n\t\t\t\t\t\t<span class=\"elementor-button-content-wrapper\">\n\t\t\t\t\t\t\t\t\t<span class=\"elementor-button-text\">Dowiedz si\u0119 wi\u0119cej i aplikuj<\/span>\n\t\t\t\t\t<\/span>\n\t\t\t\t\t<\/a>\n\t\t\t\t<\/div>\n\t\t\t\t\t\t\t\t<\/div>\n\t\t\t\t<\/div>\n\t\t\t\t\t<\/div>\n\t\t<\/div>\n\t\t\t\t\t<\/div>\n\t\t<\/section>\n\t\t\t\t<section class=\"elementor-section elementor-top-section elementor-element elementor-element-0064e4f elementor-section-boxed elementor-section-height-default elementor-section-height-default\" data-id=\"0064e4f\" data-element_type=\"section\" data-e-type=\"section\">\n\t\t\t\t\t\t<div class=\"elementor-container elementor-column-gap-default\">\n\t\t\t\t\t<div class=\"elementor-column elementor-col-100 elementor-top-column elementor-element elementor-element-5e6fc7a\" data-id=\"5e6fc7a\" data-element_type=\"column\" data-e-type=\"column\">\n\t\t\t<div class=\"elementor-widget-wrap elementor-element-populated\">\n\t\t\t\t\t\t<div class=\"elementor-element elementor-element-4447063 elementor-widget elementor-widget-heading\" data-id=\"4447063\" data-element_type=\"widget\" data-e-type=\"widget\" data-widget_type=\"heading.default\">\n\t\t\t\t<div class=\"elementor-widget-container\">\n\t\t\t\t\t<h2 class=\"elementor-heading-title elementor-size-default\">Wystartowa\u0142a druga edycja programu #NestleDlaNauki<\/h2>\t\t\t\t<\/div>\n\t\t\t\t<\/div>\n\t\t\t\t<div class=\"elementor-element elementor-element-f2938bd elementor-widget elementor-widget-image\" data-id=\"f2938bd\" data-element_type=\"widget\" data-e-type=\"widget\" data-widget_type=\"image.default\">\n\t\t\t\t<div class=\"elementor-widget-container\">\n\t\t\t\t\t\t\t\t\t\t\t\t\t\t\t<img decoding=\"async\" width=\"1200\" height=\"630\" src=\"https:\/\/foodtech.ac\/wp-content\/uploads\/2025\/10\/nestle-dla-nauki-2025.jpg\" class=\"attachment-full size-full wp-image-5241\" alt=\"#NestleDlaNauki\" srcset=\"https:\/\/foodtech.ac\/wp-content\/uploads\/2025\/10\/nestle-dla-nauki-2025.jpg 1200w, https:\/\/foodtech.ac\/wp-content\/uploads\/2025\/10\/nestle-dla-nauki-2025-300x158.jpg 300w, https:\/\/foodtech.ac\/wp-content\/uploads\/2025\/10\/nestle-dla-nauki-2025-1024x538.jpg 1024w, https:\/\/foodtech.ac\/wp-content\/uploads\/2025\/10\/nestle-dla-nauki-2025-768x403.jpg 768w\" sizes=\"(max-width: 1200px) 100vw, 1200px\" \/>\t\t\t\t\t\t\t\t\t\t\t\t\t\t\t<\/div>\n\t\t\t\t<\/div>\n\t\t\t\t<div class=\"elementor-element elementor-element-a9a2863 elementor-widget elementor-widget-text-editor\" data-id=\"a9a2863\" data-element_type=\"widget\" data-e-type=\"widget\" data-widget_type=\"text-editor.default\">\n\t\t\t\t<div class=\"elementor-widget-container\">\n\t\t\t\t\t\t\t\t\t<p>Po raz drugi wspieramy program <b>#NestleDlaNauki<\/b> &#8211; ideathon, kt\u00f3ry anga\u017cuje student\u00f3w w tworzenie rozwi\u0105za\u0144 dla wyzwa\u0144 spo\u0142ecznych i \u015brodowiskowych. W tym roku tematem przewodnim s\u0105 <b>odpowiedzialne zachowania konsumenckie wobec zasob\u00f3w wodnych <\/b>\ud83d\udca7 <\/p><p>\ud83d\udcc5 <b>Data i miejsce:<\/b> 22-23 listopada 2025, Uniwersytet \u0141\u00f3dzki<br>\ud83d\udc65 <b>Zespo\u0142y:<\/b> 2-4 osobowe (tak\u017ce mi\u0119dzyuczelniane)<br>\ud83c\udfc6 <b>Nagrody:<\/b> Program rozwojowy foodtech.ac + 10 000 PLN, a tak\u017ce dwa wyr\u00f3\u017cnienia po 5 000 PLN<\/p><p>Zg\u0142oszenia trwaj\u0105 do 31 pa\u017adziernika 2025. <b>Je\u015bli macie ambitnych m\u0142odziak\u00f3w w swoim otoczeniu, b\u0119dziemy wdzi\u0119czni za podanie tej informacji dalej! Dzi\u0119ki! <\/b><\/p>\t\t\t\t\t\t\t\t<\/div>\n\t\t\t\t<\/div>\n\t\t\t\t<div class=\"elementor-element elementor-element-5af2700 elementor-align-center elementor-widget elementor-widget-button\" data-id=\"5af2700\" data-element_type=\"widget\" data-e-type=\"widget\" data-widget_type=\"button.default\">\n\t\t\t\t<div class=\"elementor-widget-container\">\n\t\t\t\t\t\t\t\t\t<div class=\"elementor-button-wrapper\">\n\t\t\t\t\t<a class=\"elementor-button elementor-button-link elementor-size-lg\" href=\"https:\/\/www.nestledlanauki.pl\/ideathon\" target=\"_blank\">\n\t\t\t\t\t\t<span class=\"elementor-button-content-wrapper\">\n\t\t\t\t\t\t\t\t\t<span class=\"elementor-button-text\">Szczeg\u00f3\u0142y i zapisy<\/span>\n\t\t\t\t\t<\/span>\n\t\t\t\t\t<\/a>\n\t\t\t\t<\/div>\n\t\t\t\t\t\t\t\t<\/div>\n\t\t\t\t<\/div>\n\t\t\t\t\t<\/div>\n\t\t<\/div>\n\t\t\t\t\t<\/div>\n\t\t<\/section>\n\t\t\t\t<section class=\"elementor-section elementor-top-section elementor-element elementor-element-c8e7070 elementor-section-boxed elementor-section-height-default elementor-section-height-default\" data-id=\"c8e7070\" data-element_type=\"section\" data-e-type=\"section\">\n\t\t\t\t\t\t<div class=\"elementor-container elementor-column-gap-default\">\n\t\t\t\t\t<div class=\"elementor-column elementor-col-100 elementor-top-column elementor-element elementor-element-d39959b\" data-id=\"d39959b\" data-element_type=\"column\" data-e-type=\"column\">\n\t\t\t<div class=\"elementor-widget-wrap elementor-element-populated\">\n\t\t\t\t\t\t<div class=\"elementor-element elementor-element-c2cc13b elementor-widget elementor-widget-heading\" data-id=\"c2cc13b\" data-element_type=\"widget\" data-e-type=\"widget\" data-widget_type=\"heading.default\">\n\t\t\t\t<div class=\"elementor-widget-container\">\n\t\t\t\t\t<h2 class=\"elementor-heading-title elementor-size-default\">Mi\u0119dzynarodowe spotkania B2B dla bran\u017cy spo\u017cywczej w formule online<\/h2>\t\t\t\t<\/div>\n\t\t\t\t<\/div>\n\t\t\t\t<div class=\"elementor-element elementor-element-48bcaab elementor-widget elementor-widget-image\" data-id=\"48bcaab\" data-element_type=\"widget\" data-e-type=\"widget\" data-widget_type=\"image.default\">\n\t\t\t\t<div class=\"elementor-widget-container\">\n\t\t\t\t\t\t\t\t\t\t\t\t\t\t\t<img decoding=\"async\" width=\"1200\" height=\"630\" src=\"https:\/\/foodtech.ac\/wp-content\/uploads\/2025\/10\/horeca-enoexpo.jpg\" class=\"attachment-full size-full wp-image-5272\" alt=\"HORECA ENOEXPO\" srcset=\"https:\/\/foodtech.ac\/wp-content\/uploads\/2025\/10\/horeca-enoexpo.jpg 1200w, https:\/\/foodtech.ac\/wp-content\/uploads\/2025\/10\/horeca-enoexpo-300x158.jpg 300w, https:\/\/foodtech.ac\/wp-content\/uploads\/2025\/10\/horeca-enoexpo-1024x538.jpg 1024w, https:\/\/foodtech.ac\/wp-content\/uploads\/2025\/10\/horeca-enoexpo-768x403.jpg 768w\" sizes=\"(max-width: 1200px) 100vw, 1200px\" \/>\t\t\t\t\t\t\t\t\t\t\t\t\t\t\t<\/div>\n\t\t\t\t<\/div>\n\t\t\t\t<div class=\"elementor-element elementor-element-3d63cb6 elementor-widget__width-initial elementor-widget elementor-widget-text-editor\" data-id=\"3d63cb6\" data-element_type=\"widget\" data-e-type=\"widget\" data-widget_type=\"text-editor.default\">\n\t\t\t\t<div class=\"elementor-widget-container\">\n\t\t\t\t\t\t\t\t\t<p>O\u015brodki Enterprise Europe Network zapraszaj\u0105 startupy i firmy z bran\u017cy spo\u017cywczej na <strong>spotkania brokerskie B2B online<\/strong> w dniach 5-20 listopada 2025 w godzinach 8:00 &#8211; 16:00 w ramach odbywaj\u0105cych si\u0119 w Krakowie targ\u00f3w HORECA\u00ae \/ ENOEXPO\u00ae 2025.<\/p><p><b>Dlaczego warto?<\/b><\/p><ul><li><strong>Kontakty z producentami, dystrybutorami, importerami i hotelarzami z ca\u0142ego \u015bwiata<\/strong><\/li><li>Pe\u0142na personalizacja spotka\u0144 (spotkania odbywaj\u0105 si\u0119 w j\u0119zyku angielskim)<\/li><li>Efektywna formu\u0142a online &#8211; umawiasz si\u0119, kiedy Ci pasuje<\/li><li>Bezp\u0142atny udzia\u0142<\/li><\/ul><p><b>Dla kogo?<\/b><\/p><ul><li>Przemys\u0142 winiarski i alkohole<\/li><li>\u017bywno\u015b\u0107 tradycyjna, <strong>bio, &#8222;free from&#8221;, funkcjonalna<\/strong><\/li><li><strong>Napoje: bezalkoholowe,<\/strong> kawa, herbata<\/li><li>S\u0142odycze, produkty cukiernicze, nabia\u0142, bakalie<\/li><li>Wyposa\u017cenie lokali gastronomicznych, hoteli, pensjonat\u00f3w<\/li><\/ul>\t\t\t\t\t\t\t\t<\/div>\n\t\t\t\t<\/div>\n\t\t\t\t<div class=\"elementor-element elementor-element-4e19b27 elementor-align-center elementor-widget elementor-widget-button\" data-id=\"4e19b27\" data-element_type=\"widget\" data-e-type=\"widget\" data-widget_type=\"button.default\">\n\t\t\t\t<div class=\"elementor-widget-container\">\n\t\t\t\t\t\t\t\t\t<div class=\"elementor-button-wrapper\">\n\t\t\t\t\t<a class=\"elementor-button elementor-button-link elementor-size-lg\" href=\"https:\/\/www.b2match.com\/e\/horeca-enoexpo-2025\" target=\"_blank\">\n\t\t\t\t\t\t<span class=\"elementor-button-content-wrapper\">\n\t\t\t\t\t\t\t\t\t<span class=\"elementor-button-text\">Um\u00f3w si\u0119 na spotkania<\/span>\n\t\t\t\t\t<\/span>\n\t\t\t\t\t<\/a>\n\t\t\t\t<\/div>\n\t\t\t\t\t\t\t\t<\/div>\n\t\t\t\t<\/div>\n\t\t\t\t\t<\/div>\n\t\t<\/div>\n\t\t\t\t\t<\/div>\n\t\t<\/section>\n\t\t\t\t<section class=\"elementor-section elementor-top-section elementor-element elementor-element-0d4c96f elementor-section-boxed elementor-section-height-default elementor-section-height-default\" data-id=\"0d4c96f\" data-element_type=\"section\" data-e-type=\"section\">\n\t\t\t\t\t\t<div class=\"elementor-container elementor-column-gap-default\">\n\t\t\t\t\t<div class=\"elementor-column elementor-col-100 elementor-top-column elementor-element elementor-element-2a3a52d\" data-id=\"2a3a52d\" data-element_type=\"column\" data-e-type=\"column\">\n\t\t\t<div class=\"elementor-widget-wrap elementor-element-populated\">\n\t\t\t\t\t\t<div class=\"elementor-element elementor-element-90b04f6 elementor-widget elementor-widget-heading\" data-id=\"90b04f6\" data-element_type=\"widget\" data-e-type=\"widget\" data-widget_type=\"heading.default\">\n\t\t\t\t<div class=\"elementor-widget-container\">\n\t\t\t\t\t<h2 class=\"elementor-heading-title elementor-size-default\">Newsy<\/h2>\t\t\t\t<\/div>\n\t\t\t\t<\/div>\n\t\t\t\t<div class=\"elementor-element elementor-element-f1c8869 elementor-widget elementor-widget-image\" data-id=\"f1c8869\" data-element_type=\"widget\" data-e-type=\"widget\" data-widget_type=\"image.default\">\n\t\t\t\t<div class=\"elementor-widget-container\">\n\t\t\t\t\t\t\t\t\t\t\t\t\t\t\t<img loading=\"lazy\" decoding=\"async\" width=\"1166\" height=\"677\" src=\"https:\/\/foodtech.ac\/wp-content\/uploads\/2025\/10\/europefoodtech50.jpg\" class=\"attachment-full size-full wp-image-5273\" alt=\"Europe FoodTech 50\" srcset=\"https:\/\/foodtech.ac\/wp-content\/uploads\/2025\/10\/europefoodtech50.jpg 1166w, https:\/\/foodtech.ac\/wp-content\/uploads\/2025\/10\/europefoodtech50-300x174.jpg 300w, https:\/\/foodtech.ac\/wp-content\/uploads\/2025\/10\/europefoodtech50-1024x595.jpg 1024w, https:\/\/foodtech.ac\/wp-content\/uploads\/2025\/10\/europefoodtech50-768x446.jpg 768w\" sizes=\"(max-width: 1166px) 100vw, 1166px\" \/>\t\t\t\t\t\t\t\t\t\t\t\t\t\t\t<\/div>\n\t\t\t\t<\/div>\n\t\t\t\t<div class=\"elementor-element elementor-element-c0f7e8f elementor-widget elementor-widget-text-editor\" data-id=\"c0f7e8f\" data-element_type=\"widget\" data-e-type=\"widget\" data-widget_type=\"text-editor.default\">\n\t\t\t\t<div class=\"elementor-widget-container\">\n\t\t\t\t\t\t\t\t\t<p><b>Zero One Hundred<\/b> &#8211; <a href=\"https:\/\/mamstartup.pl\/zero-one-hundred-czyli-nowy-fundusz-na-horyzoncie-jakie-branze-interesuja-inwestorow\/\" target=\"_blank\" rel=\"noopener\">og\u0142osi\u0142o uruchomienie swojego drugiego funduszu.<\/a> Nowy wehiku\u0142 inwestycyjny o warto\u015bci 25 milion\u00f3w EUR ma na celu wspieranie startup\u00f3w na wczesnym etapie rozwoju &#8211; w tym startup\u00f3w foodtech &#8211; tworz\u0105c pomost mi\u0119dzy regionami CEE a Bliskiego Wschodu i P\u00f3\u0142nocnej Afryki.<\/p><p><b>\ud83e\udd55 FoodFakty Summit Food of Tomorrow <\/b>&#8211; druga edycja konferencji organizowanej przez naszych przyjaci\u00f3\u0142 z FoodFakty <a href=\"https:\/\/foodfakty.pl\/foodfakty-summit-zywnosc-jutra-food4tomorrow-5-6-11-2025-lodz\" target=\"_blank\" rel=\"noopener\">odb\u0119dzie si\u0119 w \u0141odzi w dniach 5-6 listopada 2025 roku.<\/a> Warto wzi\u0105\u0107 udzia\u0142!<\/p><p>\ud83c\udfc6 <b>Europe FoodTech 50<\/b> &#8211; to <a href=\"https:\/\/digitalfoodlab.com\/european-agrifoodtech-top-50\/\" target=\"_blank\" rel=\"noopener\">zestawienie 50 najbardziej obiecuj\u0105cych europejskich startup\u00f3w agrifood <\/a>w 2025 roku przygotowane przez DigitalFoodLab. Warto zerkn\u0105\u0107 co w trawie piszczy. Warto zerkn\u0105\u0107 co w trawie piszczy.<\/p><p>\ud83c\udf4f <b>Foodsi<\/b> &#8211; <a href=\"https:\/\/mamstartup.pl\/carrefour-polska-i-foodsi-jeszcze-wiecej-sklepow-i-paczek-do-uratowania\/\" target=\"_blank\" rel=\"noopener\">wchodzi na nowy etap wsp\u00f3\u0142pracy z Carrefour Polska!<\/a> Od wrze\u015bnia paczki-niespodzianki z jedzeniem i innymi produktami w ni\u017cszych cenach dost\u0119pne s\u0105 we wszystkich sklepach sieci.<\/p><p><b>Next Bite: Accelerating Innovation Through Women Leadership<\/b> &#8211; regionalne wydarzenie gromadz\u0105ce liderki\/\u00f3w oraz innowatorki\/\u00f3w z sektora rolno-spo\u017cywczego, odb\u0119dzie <a href=\"https:\/\/www.eitfood.eu\/next-bite-accelerating-innovation-through-women-leadership\/accelerating-homepage\" target=\"_blank\" rel=\"noopener\">si\u0119 4 grudnia 2025 w Warszawie.<\/a><\/p>\t\t\t\t\t\t\t\t<\/div>\n\t\t\t\t<\/div>\n\t\t\t\t\t<\/div>\n\t\t<\/div>\n\t\t\t\t\t<\/div>\n\t\t<\/section>\n\t\t\t\t<section class=\"elementor-section elementor-top-section elementor-element elementor-element-3341f98b elementor-section-boxed elementor-section-height-default elementor-section-height-default\" data-id=\"3341f98b\" data-element_type=\"section\" data-e-type=\"section\" data-settings=\"{&quot;background_background&quot;:&quot;classic&quot;}\">\n\t\t\t\t\t\t<div class=\"elementor-container elementor-column-gap-default\">\n\t\t\t\t\t<div class=\"elementor-column elementor-col-50 elementor-top-column elementor-element elementor-element-619a3f37\" data-id=\"619a3f37\" data-element_type=\"column\" data-e-type=\"column\">\n\t\t\t<div class=\"elementor-widget-wrap elementor-element-populated\">\n\t\t\t\t\t\t<div class=\"elementor-element elementor-element-75459d9f elementor-widget elementor-widget-heading\" data-id=\"75459d9f\" data-element_type=\"widget\" data-e-type=\"widget\" data-widget_type=\"heading.default\">\n\t\t\t\t<div class=\"elementor-widget-container\">\n\t\t\t\t\t<h2 class=\"elementor-heading-title elementor-size-default\">Zapisz si\u0119 do naszego newslettera!<\/h2>\t\t\t\t<\/div>\n\t\t\t\t<\/div>\n\t\t\t\t<div class=\"elementor-element elementor-element-2c7d10bd elementor-widget elementor-widget-text-editor\" data-id=\"2c7d10bd\" data-element_type=\"widget\" data-e-type=\"widget\" data-widget_type=\"text-editor.default\">\n\t\t\t\t<div class=\"elementor-widget-container\">\n\t\t\t\t\t\t\t\t\t<p>B\u0105d\u017a na bie\u017c\u0105co z najnowszymi wiadomo\u015bciami o rynku i startupach foodtech. Jako pierwszy dowiedz si\u0119 o nowych inwestycjach, raportach, naszych wydarzeniach i nowo\u015bciach w portfolio. Otrzymuj najciekawsze wie\u015bci z foodtech.ac Family prosto na swoj\u0105 skrzynk\u0119 mailow\u0105!<\/p>\t\t\t\t\t\t\t\t<\/div>\n\t\t\t\t<\/div>\n\t\t\t\t\t<\/div>\n\t\t<\/div>\n\t\t\t\t<div class=\"elementor-column elementor-col-50 elementor-top-column elementor-element elementor-element-2c29eac9\" data-id=\"2c29eac9\" data-element_type=\"column\" data-e-type=\"column\">\n\t\t\t<div class=\"elementor-widget-wrap elementor-element-populated\">\n\t\t\t\t\t\t<div class=\"elementor-element elementor-element-1f4b2333 elementor-widget elementor-widget-shortcode\" data-id=\"1f4b2333\" data-element_type=\"widget\" data-e-type=\"widget\" data-widget_type=\"shortcode.default\">\n\t\t\t\t<div class=\"elementor-widget-container\">\n\t\t\t\t\t\t\t<div class=\"elementor-shortcode\"><script>(function() {\n\twindow.mc4wp = window.mc4wp || {\n\t\tlisteners: [],\n\t\tforms: {\n\t\t\ton: function(evt, cb) {\n\t\t\t\twindow.mc4wp.listeners.push(\n\t\t\t\t\t{\n\t\t\t\t\t\tevent   : evt,\n\t\t\t\t\t\tcallback: cb\n\t\t\t\t\t}\n\t\t\t\t);\n\t\t\t}\n\t\t}\n\t}\n})();\n<\/script><!-- Mailchimp for WordPress v4.12.2 - https:\/\/wordpress.org\/plugins\/mailchimp-for-wp\/ --><form id=\"mc4wp-form-1\" class=\"mc4wp-form mc4wp-form-2121 mc4wp-form-basic\" method=\"post\" data-id=\"2121\" data-name=\"Newsletter\" ><div class=\"mc4wp-form-fields\"><p><input style=\"display: block; width: 100%!important; box-sizing: border-box; border-radius: 0; background-color: #FFFFFF; border-color: #FFFFFF; color: #000000\" type=\"email\" name=\"EMAIL\" placeholder=\"Enter your e-mail\" required \/><\/p>\r\n<p><input style=\"width: 100%; background: none; border: 3px solid; color: #FFFFFF; font-size: 18px; border-radius: 0px; font-family: Poppins; font-weight: 400\" type=\"submit\" value=\"Subscribe\" \/><\/p><\/div><label style=\"display: none !important;\">Pozostaw to pole puste, je\u015bli jeste\u015b cz\u0142owiekiem: <input type=\"text\" name=\"_mc4wp_honeypot\" value=\"\" tabindex=\"-1\" autocomplete=\"off\" \/><\/label><input type=\"hidden\" name=\"_mc4wp_timestamp\" value=\"1777225082\" \/><input type=\"hidden\" name=\"_mc4wp_form_id\" value=\"2121\" \/><input type=\"hidden\" name=\"_mc4wp_form_element_id\" value=\"mc4wp-form-1\" \/><div class=\"mc4wp-response\"><\/div><\/form><!-- \/ Mailchimp for WordPress Plugin --><\/div>\n\t\t\t\t\t\t<\/div>\n\t\t\t\t<\/div>\n\t\t\t\t<div class=\"elementor-element elementor-element-9710bb1 elementor-shape-square elementor-grid-0 e-grid-align-center elementor-widget elementor-widget-social-icons\" data-id=\"9710bb1\" data-element_type=\"widget\" data-e-type=\"widget\" data-widget_type=\"social-icons.default\">\n\t\t\t\t<div class=\"elementor-widget-container\">\n\t\t\t\t\t\t\t<div class=\"elementor-social-icons-wrapper elementor-grid\" role=\"list\">\n\t\t\t\t\t\t\t<span class=\"elementor-grid-item\" role=\"listitem\">\n\t\t\t\t\t<a class=\"elementor-icon elementor-social-icon elementor-social-icon-facebook elementor-repeater-item-b1e5999\" href=\"https:\/\/www.facebook.com\/foodtechac\" target=\"_blank\">\n\t\t\t\t\t\t<span class=\"elementor-screen-only\">Facebook<\/span>\n\t\t\t\t\t\t<i aria-hidden=\"true\" class=\"fab fa-facebook\"><\/i>\t\t\t\t\t<\/a>\n\t\t\t\t<\/span>\n\t\t\t\t\t\t\t<span class=\"elementor-grid-item\" role=\"listitem\">\n\t\t\t\t\t<a class=\"elementor-icon elementor-social-icon elementor-social-icon-instagram elementor-repeater-item-860c206\" href=\"https:\/\/www.instagram.com\/foodtech.ac\/\" target=\"_blank\">\n\t\t\t\t\t\t<span class=\"elementor-screen-only\">Instagram<\/span>\n\t\t\t\t\t\t<i aria-hidden=\"true\" class=\"fab fa-instagram\"><\/i>\t\t\t\t\t<\/a>\n\t\t\t\t<\/span>\n\t\t\t\t\t\t\t<span class=\"elementor-grid-item\" role=\"listitem\">\n\t\t\t\t\t<a class=\"elementor-icon elementor-social-icon elementor-social-icon-linkedin elementor-repeater-item-e9212bc\" href=\"https:\/\/www.linkedin.com\/company\/foodtechac\/\" target=\"_blank\">\n\t\t\t\t\t\t<span class=\"elementor-screen-only\">Linkedin<\/span>\n\t\t\t\t\t\t<i aria-hidden=\"true\" class=\"fab fa-linkedin\"><\/i>\t\t\t\t\t<\/a>\n\t\t\t\t<\/span>\n\t\t\t\t\t\t\t<span class=\"elementor-grid-item\" role=\"listitem\">\n\t\t\t\t\t<a class=\"elementor-icon elementor-social-icon elementor-social-icon-youtube elementor-repeater-item-e33d267\" href=\"https:\/\/www.youtube.com\/@foodtechac\" target=\"_blank\">\n\t\t\t\t\t\t<span class=\"elementor-screen-only\">Youtube<\/span>\n\t\t\t\t\t\t<i aria-hidden=\"true\" class=\"fab fa-youtube\"><\/i>\t\t\t\t\t<\/a>\n\t\t\t\t<\/span>\n\t\t\t\t\t<\/div>\n\t\t\t\t\t\t<\/div>\n\t\t\t\t<\/div>\n\t\t\t\t\t<\/div>\n\t\t<\/div>\n\t\t\t\t\t<\/div>\n\t\t<\/section>\n\t\t\t\t<\/div>\n\t\t","protected":false},"excerpt":{"rendered":"<p>From Start-to-Table &#8211; foodtechowa akceleracja w Lizbonie Program akceleracyjny From Start-to-Table organizowany przez Unicorn Factory Lisboa to szansa dla startup\u00f3w z obszaru foodtech i agritech na pilota\u017ce u du\u017cych partner\u00f3w z Portugalii, takich jak: Delta Caf\u00e9s &#8211; najwi\u0119kszy portugalski producent kawy, szukaj\u0105cy nowych technologii, Sogrape &#8211; producent wina zainteresowany innowacyjnymi produktami i modelami biznesowymi. Program&hellip;&nbsp;<a href=\"https:\/\/foodtech.ac\/pl\/swieze-newsy-od-foodtech-ac-pazdziernik-2025\/\" rel=\"bookmark\">Dowiedz si\u0119 wi\u0119cej &raquo;<span class=\"screen-reader-text\">\u015awie\u017ce newsy od foodtech.ac &#8211; Pa\u017adziernik 2025<\/span><\/a><\/p>\n","protected":false},"author":1,"featured_media":5274,"comment_status":"closed","ping_status":"open","sticky":false,"template":"","format":"standard","meta":{"neve_meta_sidebar":"","neve_meta_container":"","neve_meta_enable_content_width":"","neve_meta_content_width":0,"neve_meta_title_alignment":"","neve_meta_author_avatar":"","neve_post_elements_order":"","neve_meta_disable_header":"","neve_meta_disable_footer":"","neve_meta_disable_title":"","footnotes":""},"categories":[19],"tags":[],"class_list":["post-5278","post","type-post","status-publish","format-standard","has-post-thumbnail","hentry","category-newsletter"],"yoast_head":"<!-- This site is optimized with the Yoast SEO plugin v27.4 - https:\/\/yoast.com\/product\/yoast-seo-wordpress\/ -->\n<title>\u015awie\u017ce newsy od foodtech.ac - Pa\u017adziernik 2025<\/title>\n<meta name=\"description\" content=\"Odkryj najwa\u017cniejsze nowo\u015bci z bran\u017cy foodtech z Polski i Europy \u015arodkowo-Wschodniej: akceleracja startup\u00f3w w Lizbonie, ideathon #NestleDlaNauki, spotkania B2B online podczas targ\u00f3w HORECA ENOEXPO, nowe fundusze inwestycyjne i najlepsze europejskie innowacje w bran\u017cy rolno-spo\u017cywczej na rok 2025. B\u0105d\u017a na bie\u017c\u0105co i zwi\u0119ksz sw\u00f3j wp\u0142yw na innowacje w bran\u017cy spo\u017cywczej.\" \/>\n<meta name=\"robots\" content=\"index, follow, max-snippet:-1, max-image-preview:large, max-video-preview:-1\" \/>\n<link rel=\"canonical\" href=\"https:\/\/foodtech.ac\/pl\/swieze-newsy-od-foodtech-ac-pazdziernik-2025\/\" \/>\n<meta property=\"og:locale\" content=\"pl_PL\" \/>\n<meta property=\"og:type\" content=\"article\" \/>\n<meta property=\"og:title\" content=\"\u015awie\u017ce newsy od foodtech.ac - Pa\u017adziernik 2025\" \/>\n<meta property=\"og:description\" content=\"Odkryj najwa\u017cniejsze nowo\u015bci z bran\u017cy foodtech z Polski i Europy \u015arodkowo-Wschodniej: akceleracja startup\u00f3w w Lizbonie, ideathon #NestleDlaNauki, spotkania B2B online podczas targ\u00f3w HORECA ENOEXPO, nowe fundusze inwestycyjne i najlepsze europejskie innowacje w bran\u017cy rolno-spo\u017cywczej na rok 2025. B\u0105d\u017a na bie\u017c\u0105co i zwi\u0119ksz sw\u00f3j wp\u0142yw na innowacje w bran\u017cy spo\u017cywczej.\" \/>\n<meta property=\"og:url\" content=\"https:\/\/foodtech.ac\/pl\/swieze-newsy-od-foodtech-ac-pazdziernik-2025\/\" \/>\n<meta property=\"og:site_name\" content=\"foodtech.ac\" \/>\n<meta property=\"article:published_time\" content=\"2025-10-23T22:30:14+00:00\" \/>\n<meta property=\"article:modified_time\" content=\"2025-10-23T23:27:27+00:00\" \/>\n<meta property=\"og:image\" content=\"https:\/\/foodtech.ac\/wp-content\/uploads\/2023\/09\/freshnews-1024x538.png\" \/>\n<meta name=\"author\" content=\"Piotr Grabowski\" \/>\n<meta name=\"twitter:card\" content=\"summary_large_image\" \/>\n<meta name=\"twitter:label1\" content=\"Napisane przez\" \/>\n\t<meta name=\"twitter:data1\" content=\"Piotr Grabowski\" \/>\n\t<meta name=\"twitter:label2\" content=\"Szacowany czas czytania\" \/>\n\t<meta name=\"twitter:data2\" content=\"3 minuty\" \/>\n<script type=\"application\/ld+json\" class=\"yoast-schema-graph\">{\"@context\":\"https:\\\/\\\/schema.org\",\"@graph\":[{\"@type\":\"Article\",\"@id\":\"https:\\\/\\\/foodtech.ac\\\/pl\\\/swieze-newsy-od-foodtech-ac-pazdziernik-2025\\\/#article\",\"isPartOf\":{\"@id\":\"https:\\\/\\\/foodtech.ac\\\/pl\\\/swieze-newsy-od-foodtech-ac-pazdziernik-2025\\\/\"},\"author\":{\"name\":\"Piotr Grabowski\",\"@id\":\"https:\\\/\\\/foodtech.ac\\\/pl\\\/#\\\/schema\\\/person\\\/834745d71ad214c930536a3e8223c08a\"},\"headline\":\"\u015awie\u017ce newsy od foodtech.ac &#8211; Pa\u017adziernik 2025\",\"datePublished\":\"2025-10-23T22:30:14+00:00\",\"dateModified\":\"2025-10-23T23:27:27+00:00\",\"mainEntityOfPage\":{\"@id\":\"https:\\\/\\\/foodtech.ac\\\/pl\\\/swieze-newsy-od-foodtech-ac-pazdziernik-2025\\\/\"},\"wordCount\":532,\"image\":{\"@id\":\"https:\\\/\\\/foodtech.ac\\\/pl\\\/swieze-newsy-od-foodtech-ac-pazdziernik-2025\\\/#primaryimage\"},\"thumbnailUrl\":\"https:\\\/\\\/foodtech.ac\\\/wp-content\\\/uploads\\\/2025\\\/10\\\/europefoodtech50-cover.jpg\",\"articleSection\":[\"Newsletter\"],\"inLanguage\":\"pl-PL\"},{\"@type\":\"WebPage\",\"@id\":\"https:\\\/\\\/foodtech.ac\\\/pl\\\/swieze-newsy-od-foodtech-ac-pazdziernik-2025\\\/\",\"url\":\"https:\\\/\\\/foodtech.ac\\\/pl\\\/swieze-newsy-od-foodtech-ac-pazdziernik-2025\\\/\",\"name\":\"\u015awie\u017ce newsy od foodtech.ac - Pa\u017adziernik 2025\",\"isPartOf\":{\"@id\":\"https:\\\/\\\/foodtech.ac\\\/pl\\\/#website\"},\"primaryImageOfPage\":{\"@id\":\"https:\\\/\\\/foodtech.ac\\\/pl\\\/swieze-newsy-od-foodtech-ac-pazdziernik-2025\\\/#primaryimage\"},\"image\":{\"@id\":\"https:\\\/\\\/foodtech.ac\\\/pl\\\/swieze-newsy-od-foodtech-ac-pazdziernik-2025\\\/#primaryimage\"},\"thumbnailUrl\":\"https:\\\/\\\/foodtech.ac\\\/wp-content\\\/uploads\\\/2025\\\/10\\\/europefoodtech50-cover.jpg\",\"datePublished\":\"2025-10-23T22:30:14+00:00\",\"dateModified\":\"2025-10-23T23:27:27+00:00\",\"author\":{\"@id\":\"https:\\\/\\\/foodtech.ac\\\/pl\\\/#\\\/schema\\\/person\\\/834745d71ad214c930536a3e8223c08a\"},\"description\":\"Odkryj najwa\u017cniejsze nowo\u015bci z bran\u017cy foodtech z Polski i Europy \u015arodkowo-Wschodniej: akceleracja startup\u00f3w w Lizbonie, ideathon #NestleDlaNauki, spotkania B2B online podczas targ\u00f3w HORECA ENOEXPO, nowe fundusze inwestycyjne i najlepsze europejskie innowacje w bran\u017cy rolno-spo\u017cywczej na rok 2025. B\u0105d\u017a na bie\u017c\u0105co i zwi\u0119ksz sw\u00f3j wp\u0142yw na innowacje w bran\u017cy spo\u017cywczej.\",\"breadcrumb\":{\"@id\":\"https:\\\/\\\/foodtech.ac\\\/pl\\\/swieze-newsy-od-foodtech-ac-pazdziernik-2025\\\/#breadcrumb\"},\"inLanguage\":\"pl-PL\",\"potentialAction\":[{\"@type\":\"ReadAction\",\"target\":[\"https:\\\/\\\/foodtech.ac\\\/pl\\\/swieze-newsy-od-foodtech-ac-pazdziernik-2025\\\/\"]}]},{\"@type\":\"ImageObject\",\"inLanguage\":\"pl-PL\",\"@id\":\"https:\\\/\\\/foodtech.ac\\\/pl\\\/swieze-newsy-od-foodtech-ac-pazdziernik-2025\\\/#primaryimage\",\"url\":\"https:\\\/\\\/foodtech.ac\\\/wp-content\\\/uploads\\\/2025\\\/10\\\/europefoodtech50-cover.jpg\",\"contentUrl\":\"https:\\\/\\\/foodtech.ac\\\/wp-content\\\/uploads\\\/2025\\\/10\\\/europefoodtech50-cover.jpg\",\"width\":930,\"height\":620,\"caption\":\"Europe FoodTech 50\"},{\"@type\":\"BreadcrumbList\",\"@id\":\"https:\\\/\\\/foodtech.ac\\\/pl\\\/swieze-newsy-od-foodtech-ac-pazdziernik-2025\\\/#breadcrumb\",\"itemListElement\":[{\"@type\":\"ListItem\",\"position\":1,\"name\":\"Strona g\u0142\u00f3wna\",\"item\":\"https:\\\/\\\/foodtech.ac\\\/pl\\\/strona-glowna\\\/\"},{\"@type\":\"ListItem\",\"position\":2,\"name\":\"\u015awie\u017ce newsy od foodtech.ac &#8211; Pa\u017adziernik 2025\"}]},{\"@type\":\"WebSite\",\"@id\":\"https:\\\/\\\/foodtech.ac\\\/pl\\\/#website\",\"url\":\"https:\\\/\\\/foodtech.ac\\\/pl\\\/\",\"name\":\"foodtech.ac\",\"description\":\"\",\"potentialAction\":[{\"@type\":\"SearchAction\",\"target\":{\"@type\":\"EntryPoint\",\"urlTemplate\":\"https:\\\/\\\/foodtech.ac\\\/pl\\\/?s={search_term_string}\"},\"query-input\":{\"@type\":\"PropertyValueSpecification\",\"valueRequired\":true,\"valueName\":\"search_term_string\"}}],\"inLanguage\":\"pl-PL\"},{\"@type\":\"Person\",\"@id\":\"https:\\\/\\\/foodtech.ac\\\/pl\\\/#\\\/schema\\\/person\\\/834745d71ad214c930536a3e8223c08a\",\"name\":\"Piotr Grabowski\",\"image\":{\"@type\":\"ImageObject\",\"inLanguage\":\"pl-PL\",\"@id\":\"https:\\\/\\\/secure.gravatar.com\\\/avatar\\\/9bcaf2219e31ff2f54ae6144caa975bf91aac6bf6b203140b9265102dba2b0eb?s=96&d=mm&r=g\",\"url\":\"https:\\\/\\\/secure.gravatar.com\\\/avatar\\\/9bcaf2219e31ff2f54ae6144caa975bf91aac6bf6b203140b9265102dba2b0eb?s=96&d=mm&r=g\",\"contentUrl\":\"https:\\\/\\\/secure.gravatar.com\\\/avatar\\\/9bcaf2219e31ff2f54ae6144caa975bf91aac6bf6b203140b9265102dba2b0eb?s=96&d=mm&r=g\",\"caption\":\"Piotr Grabowski\"},\"url\":\"https:\\\/\\\/foodtech.ac\\\/pl\\\/author\\\/piotr-grabowski\\\/\"}]}<\/script>\n<!-- \/ Yoast SEO plugin. -->","yoast_head_json":{"title":"\u015awie\u017ce newsy od foodtech.ac - Pa\u017adziernik 2025","description":"Odkryj najwa\u017cniejsze nowo\u015bci z bran\u017cy foodtech z Polski i Europy \u015arodkowo-Wschodniej: akceleracja startup\u00f3w w Lizbonie, ideathon #NestleDlaNauki, spotkania B2B online podczas targ\u00f3w HORECA ENOEXPO, nowe fundusze inwestycyjne i najlepsze europejskie innowacje w bran\u017cy rolno-spo\u017cywczej na rok 2025. B\u0105d\u017a na bie\u017c\u0105co i zwi\u0119ksz sw\u00f3j wp\u0142yw na innowacje w bran\u017cy spo\u017cywczej.","robots":{"index":"index","follow":"follow","max-snippet":"max-snippet:-1","max-image-preview":"max-image-preview:large","max-video-preview":"max-video-preview:-1"},"canonical":"https:\/\/foodtech.ac\/pl\/swieze-newsy-od-foodtech-ac-pazdziernik-2025\/","og_locale":"pl_PL","og_type":"article","og_title":"\u015awie\u017ce newsy od foodtech.ac - Pa\u017adziernik 2025","og_description":"Odkryj najwa\u017cniejsze nowo\u015bci z bran\u017cy foodtech z Polski i Europy \u015arodkowo-Wschodniej: akceleracja startup\u00f3w w Lizbonie, ideathon #NestleDlaNauki, spotkania B2B online podczas targ\u00f3w HORECA ENOEXPO, nowe fundusze inwestycyjne i najlepsze europejskie innowacje w bran\u017cy rolno-spo\u017cywczej na rok 2025. B\u0105d\u017a na bie\u017c\u0105co i zwi\u0119ksz sw\u00f3j wp\u0142yw na innowacje w bran\u017cy spo\u017cywczej.","og_url":"https:\/\/foodtech.ac\/pl\/swieze-newsy-od-foodtech-ac-pazdziernik-2025\/","og_site_name":"foodtech.ac","article_published_time":"2025-10-23T22:30:14+00:00","article_modified_time":"2025-10-23T23:27:27+00:00","og_image":[{"url":"https:\/\/foodtech.ac\/wp-content\/uploads\/2023\/09\/freshnews-1024x538.png","type":"","width":"","height":""}],"author":"Piotr Grabowski","twitter_card":"summary_large_image","twitter_misc":{"Napisane przez":"Piotr Grabowski","Szacowany czas czytania":"3 minuty"},"schema":{"@context":"https:\/\/schema.org","@graph":[{"@type":"Article","@id":"https:\/\/foodtech.ac\/pl\/swieze-newsy-od-foodtech-ac-pazdziernik-2025\/#article","isPartOf":{"@id":"https:\/\/foodtech.ac\/pl\/swieze-newsy-od-foodtech-ac-pazdziernik-2025\/"},"author":{"name":"Piotr Grabowski","@id":"https:\/\/foodtech.ac\/pl\/#\/schema\/person\/834745d71ad214c930536a3e8223c08a"},"headline":"\u015awie\u017ce newsy od foodtech.ac &#8211; Pa\u017adziernik 2025","datePublished":"2025-10-23T22:30:14+00:00","dateModified":"2025-10-23T23:27:27+00:00","mainEntityOfPage":{"@id":"https:\/\/foodtech.ac\/pl\/swieze-newsy-od-foodtech-ac-pazdziernik-2025\/"},"wordCount":532,"image":{"@id":"https:\/\/foodtech.ac\/pl\/swieze-newsy-od-foodtech-ac-pazdziernik-2025\/#primaryimage"},"thumbnailUrl":"https:\/\/foodtech.ac\/wp-content\/uploads\/2025\/10\/europefoodtech50-cover.jpg","articleSection":["Newsletter"],"inLanguage":"pl-PL"},{"@type":"WebPage","@id":"https:\/\/foodtech.ac\/pl\/swieze-newsy-od-foodtech-ac-pazdziernik-2025\/","url":"https:\/\/foodtech.ac\/pl\/swieze-newsy-od-foodtech-ac-pazdziernik-2025\/","name":"\u015awie\u017ce newsy od foodtech.ac - Pa\u017adziernik 2025","isPartOf":{"@id":"https:\/\/foodtech.ac\/pl\/#website"},"primaryImageOfPage":{"@id":"https:\/\/foodtech.ac\/pl\/swieze-newsy-od-foodtech-ac-pazdziernik-2025\/#primaryimage"},"image":{"@id":"https:\/\/foodtech.ac\/pl\/swieze-newsy-od-foodtech-ac-pazdziernik-2025\/#primaryimage"},"thumbnailUrl":"https:\/\/foodtech.ac\/wp-content\/uploads\/2025\/10\/europefoodtech50-cover.jpg","datePublished":"2025-10-23T22:30:14+00:00","dateModified":"2025-10-23T23:27:27+00:00","author":{"@id":"https:\/\/foodtech.ac\/pl\/#\/schema\/person\/834745d71ad214c930536a3e8223c08a"},"description":"Odkryj najwa\u017cniejsze nowo\u015bci z bran\u017cy foodtech z Polski i Europy \u015arodkowo-Wschodniej: akceleracja startup\u00f3w w Lizbonie, ideathon #NestleDlaNauki, spotkania B2B online podczas targ\u00f3w HORECA ENOEXPO, nowe fundusze inwestycyjne i najlepsze europejskie innowacje w bran\u017cy rolno-spo\u017cywczej na rok 2025. B\u0105d\u017a na bie\u017c\u0105co i zwi\u0119ksz sw\u00f3j wp\u0142yw na innowacje w bran\u017cy spo\u017cywczej.","breadcrumb":{"@id":"https:\/\/foodtech.ac\/pl\/swieze-newsy-od-foodtech-ac-pazdziernik-2025\/#breadcrumb"},"inLanguage":"pl-PL","potentialAction":[{"@type":"ReadAction","target":["https:\/\/foodtech.ac\/pl\/swieze-newsy-od-foodtech-ac-pazdziernik-2025\/"]}]},{"@type":"ImageObject","inLanguage":"pl-PL","@id":"https:\/\/foodtech.ac\/pl\/swieze-newsy-od-foodtech-ac-pazdziernik-2025\/#primaryimage","url":"https:\/\/foodtech.ac\/wp-content\/uploads\/2025\/10\/europefoodtech50-cover.jpg","contentUrl":"https:\/\/foodtech.ac\/wp-content\/uploads\/2025\/10\/europefoodtech50-cover.jpg","width":930,"height":620,"caption":"Europe FoodTech 50"},{"@type":"BreadcrumbList","@id":"https:\/\/foodtech.ac\/pl\/swieze-newsy-od-foodtech-ac-pazdziernik-2025\/#breadcrumb","itemListElement":[{"@type":"ListItem","position":1,"name":"Strona g\u0142\u00f3wna","item":"https:\/\/foodtech.ac\/pl\/strona-glowna\/"},{"@type":"ListItem","position":2,"name":"\u015awie\u017ce newsy od foodtech.ac &#8211; Pa\u017adziernik 2025"}]},{"@type":"WebSite","@id":"https:\/\/foodtech.ac\/pl\/#website","url":"https:\/\/foodtech.ac\/pl\/","name":"foodtech.ac","description":"","potentialAction":[{"@type":"SearchAction","target":{"@type":"EntryPoint","urlTemplate":"https:\/\/foodtech.ac\/pl\/?s={search_term_string}"},"query-input":{"@type":"PropertyValueSpecification","valueRequired":true,"valueName":"search_term_string"}}],"inLanguage":"pl-PL"},{"@type":"Person","@id":"https:\/\/foodtech.ac\/pl\/#\/schema\/person\/834745d71ad214c930536a3e8223c08a","name":"Piotr Grabowski","image":{"@type":"ImageObject","inLanguage":"pl-PL","@id":"https:\/\/secure.gravatar.com\/avatar\/9bcaf2219e31ff2f54ae6144caa975bf91aac6bf6b203140b9265102dba2b0eb?s=96&d=mm&r=g","url":"https:\/\/secure.gravatar.com\/avatar\/9bcaf2219e31ff2f54ae6144caa975bf91aac6bf6b203140b9265102dba2b0eb?s=96&d=mm&r=g","contentUrl":"https:\/\/secure.gravatar.com\/avatar\/9bcaf2219e31ff2f54ae6144caa975bf91aac6bf6b203140b9265102dba2b0eb?s=96&d=mm&r=g","caption":"Piotr Grabowski"},"url":"https:\/\/foodtech.ac\/pl\/author\/piotr-grabowski\/"}]}},"_links":{"self":[{"href":"https:\/\/foodtech.ac\/pl\/wp-json\/wp\/v2\/posts\/5278","targetHints":{"allow":["GET"]}}],"collection":[{"href":"https:\/\/foodtech.ac\/pl\/wp-json\/wp\/v2\/posts"}],"about":[{"href":"https:\/\/foodtech.ac\/pl\/wp-json\/wp\/v2\/types\/post"}],"author":[{"embeddable":true,"href":"https:\/\/foodtech.ac\/pl\/wp-json\/wp\/v2\/users\/1"}],"replies":[{"embeddable":true,"href":"https:\/\/foodtech.ac\/pl\/wp-json\/wp\/v2\/comments?post=5278"}],"version-history":[{"count":4,"href":"https:\/\/foodtech.ac\/pl\/wp-json\/wp\/v2\/posts\/5278\/revisions"}],"predecessor-version":[{"id":5285,"href":"https:\/\/foodtech.ac\/pl\/wp-json\/wp\/v2\/posts\/5278\/revisions\/5285"}],"wp:featuredmedia":[{"embeddable":true,"href":"https:\/\/foodtech.ac\/pl\/wp-json\/wp\/v2\/media\/5274"}],"wp:attachment":[{"href":"https:\/\/foodtech.ac\/pl\/wp-json\/wp\/v2\/media?parent=5278"}],"wp:term":[{"taxonomy":"category","embeddable":true,"href":"https:\/\/foodtech.ac\/pl\/wp-json\/wp\/v2\/categories?post=5278"},{"taxonomy":"post_tag","embeddable":true,"href":"https:\/\/foodtech.ac\/pl\/wp-json\/wp\/v2\/tags?post=5278"}],"curies":[{"name":"wp","href":"https:\/\/api.w.org\/{rel}","templated":true}]}}